{"id":4862,"date":"2023-02-10T11:12:38","date_gmt":"2023-02-10T10:12:38","guid":{"rendered":"https:\/\/ent2d.ac-bordeaux.fr\/disciplines\/lettres-histoire\/?p=4862"},"modified":"2023-02-10T14:06:16","modified_gmt":"2023-02-10T13:06:16","slug":"projet-rco","status":"publish","type":"post","link":"https:\/\/ent2d.ac-bordeaux.fr\/disciplines\/lettres-histoire\/projet-rco\/","title":{"rendered":"Projet prim\u00e9 &#8220;le camp de M\u00e9rignac-Beaud\u00e9sert&#8221;"},"content":{"rendered":"<div style=\"text-align: justify\">2 f\u00e9vrier 2023 : r\u00e9compense remise \u00e0 Paris aux \u00e9l\u00e8ves du LP Charles P\u00e9guy d&#8217;Eysines sous la direction de Thibaud Fleury, PLP LHG pour leur projet de m\u00e9moire sur le camp de M\u00e9rignac-Beaud\u00e9sert sous l&#8217;occupation (1940-1944).<\/div>\n<div><\/div>\n<div><i>Les \u00e9l\u00e8ves se sont exprim\u00e9s et ont \u00e9t\u00e9 bien applaudis! Aucun doute que cette exp\u00e9rience les marque profond\u00e9ment. Ils \u00e9taient si fiers!<\/i><\/div>\n<div><a href=\"https:\/\/prixcorrin-fsju.org\/\" target=\"_blank\" rel=\"noopener\">https:\/\/prixcorrin-fsju.org\/<\/a><\/div>\n<div><\/div>\n<p>&nbsp;<\/p>\n<p style=\"text-align: center\"><a href=\"https:\/\/drive.google.com\/file\/d\/13w0BmjwNmwzEYe-lGsTYwzySFTDguvMm\/view?usp=sharing\"><strong><img loading=\"lazy\" decoding=\"async\" class=\"aligncenter\" src=\"https:\/\/encrypted-tbn0.gstatic.com\/images?q=tbn:ANd9GcS2pJGYSs3GfP8OhNCPxlYjzd_WFuxmN13bj5oJyr_hmaiLoc6ztZP0u6k5e2YYuRboEyw&amp;usqp=CAU\" alt=\"https:\/\/encrypted-tbn0.gstatic.com\/images?q=tbn:ANd9GcS2pJGYSs3GfP8OhNCPxlYjzd_WFuxmN13bj5oJyr_hmaiLoc6ztZP0u6k5e2YYuRboEyw&amp;usqp=CAU\" width=\"46\" height=\"46\" \/><\/strong><\/a><a href=\"https:\/\/drive.google.com\/file\/d\/13w0BmjwNmwzEYe-lGsTYwzySFTDguvMm\/view?usp=sharing\"><strong>Pr<\/strong><\/a><a href=\"https:\/\/drive.google.com\/file\/d\/13w0BmjwNmwzEYe-lGsTYwzySFTDguvMm\/view?usp=sharing\" target=\"_blank\" rel=\"noopener\"><strong>ojet de restitution <\/strong><\/a><\/p>\n<p>&nbsp;<\/p>\n<p style=\"text-align: justify\">Ce projet men\u00e9 par les \u00e9l\u00e8ves de terminale des lyc\u00e9es Marcel Dassault (M\u00e9rignac), Charles P\u00e9guy (Eysines) et L\u00e9onard de Vinci (Blanquefort) s\u2019inscrit dans le cadre du chef-d\u2019\u0153uvre.<\/p>\n<p style=\"text-align: justify\">La r\u00e9union des comp\u00e9tences des trois lyc\u00e9es professionnels auxquels ils appartiennent &#8211; \u00e0 travers le dessin industriel, la taille des pierres et les techniques d\u2019usinage \u2013 leur a permis d\u2019appliquer leurs savoir-faire mais \u00e9galement de conna\u00eetre et de faire conna\u00eetre l\u2019histoire du camp de M\u00e9rignac-Beaud\u00e9sert.<\/p>\n<pre style=\"text-align: justify\"><strong><span id=\"page3R_mcid8\" class=\"markedContent\"><span dir=\"ltr\" role=\"presentation\">Ce projet \u00e0 re\u00e7u l<\/span><span dir=\"ltr\" role=\"presentation\">e<\/span> <a href=\"https:\/\/ent2d.ac-bordeaux.fr\/disciplines\/lettres-histoire\/wp-content\/uploads\/sites\/5\/2022\/12\/Prix-Annie-et-Charles-Corrin-.pdf\">P<span dir=\"ltr\" role=\"presentation\">rix Annie et Charles Corrin<\/span><\/a> <span dir=\"ltr\" role=\"presentation\">pour<\/span> <span dir=\"ltr\" role=\"presentation\">l\u2019Enseignement de l\u2019Histoire de la Shoah 202<\/span><span dir=\"ltr\" role=\"presentation\">2<\/span> <span dir=\"ltr\" role=\"presentation\">au regard du<\/span> <span dir=\"ltr\" role=\"presentation\">travail<\/span> <span dir=\"ltr\" role=\"presentation\">exemplaire<\/span> <span dir=\"ltr\" role=\"presentation\">effectu\u00e9 par les \u00e9l\u00e8ves de<\/span> <span dir=\"ltr\" role=\"presentation\">Terminale impliqu\u00e9s dans <\/span><span dir=\"ltr\" role=\"presentation\">le projet \u00ab<\/span> <span dir=\"ltr\" role=\"presentation\">Camp<\/span> <span dir=\"ltr\" role=\"presentation\">de M\u00e9rigna<\/span><span dir=\"ltr\" role=\"presentation\">c<\/span><span dir=\"ltr\" role=\"presentation\">-<\/span><span dir=\"ltr\" role=\"presentation\">Beaud\u00e9sert<\/span> <span dir=\"ltr\" role=\"presentation\">:<\/span> <span dir=\"ltr\" role=\"presentation\">un c<\/span><span dir=\"ltr\" role=\"presentation\">amp d<\/span><span dir=\"ltr\" role=\"presentation\">\u2019<\/span><span dir=\"ltr\" role=\"presentation\">internement \u00e0 Bordeaux<\/span> <span dir=\"ltr\" role=\"presentation\">\u00bb<\/span><span dir=\"ltr\" role=\"presentation\">.<\/span><\/span><\/strong><\/pre>\n<pre><span style=\"font-family: 'andale mono', monospace\">Image : photogramme de la vid\u00e9o de restitution du projet.<\/span><\/pre>\n","protected":false},"excerpt":{"rendered":"<p>2 f\u00e9vrier 2023 : r\u00e9compense remise \u00e0 Paris aux \u00e9l\u00e8ves du LP Charles P\u00e9guy d&#8217;Eysines sous la direction de Thibaud<\/p>\n","protected":false},"author":11,"featured_media":5176,"comment_status":"closed","ping_status":"closed","sticky":false,"template":"","format":"standard","meta":{"_bbp_topic_count":0,"_bbp_reply_count":0,"_bbp_total_topic_count":0,"_bbp_total_reply_count":0,"_bbp_voice_count":0,"_bbp_anonymous_reply_count":0,"_bbp_topic_count_hidden":0,"_bbp_reply_count_hidden":0,"_bbp_forum_subforum_count":0,"footnotes":""},"categories":[3],"tags":[],"class_list":["post-4862","post","type-post","status-publish","format-standard","has-post-thumbnail","hentry","category-actualites"],"_links":{"self":[{"href":"https:\/\/ent2d.ac-bordeaux.fr\/disciplines\/lettres-histoire\/wp-json\/wp\/v2\/posts\/4862","targetHints":{"allow":["GET"]}}],"collection":[{"href":"https:\/\/ent2d.ac-bordeaux.fr\/disciplines\/lettres-histoire\/wp-json\/wp\/v2\/posts"}],"about":[{"href":"https:\/\/ent2d.ac-bordeaux.fr\/disciplines\/lettres-histoire\/wp-json\/wp\/v2\/types\/post"}],"author":[{"embeddable":true,"href":"https:\/\/ent2d.ac-bordeaux.fr\/disciplines\/lettres-histoire\/wp-json\/wp\/v2\/users\/11"}],"replies":[{"embeddable":true,"href":"https:\/\/ent2d.ac-bordeaux.fr\/disciplines\/lettres-histoire\/wp-json\/wp\/v2\/comments?post=4862"}],"version-history":[{"count":20,"href":"https:\/\/ent2d.ac-bordeaux.fr\/disciplines\/lettres-histoire\/wp-json\/wp\/v2\/posts\/4862\/revisions"}],"predecessor-version":[{"id":5178,"href":"https:\/\/ent2d.ac-bordeaux.fr\/disciplines\/lettres-histoire\/wp-json\/wp\/v2\/posts\/4862\/revisions\/5178"}],"wp:featuredmedia":[{"embeddable":true,"href":"https:\/\/ent2d.ac-bordeaux.fr\/disciplines\/lettres-histoire\/wp-json\/wp\/v2\/media\/5176"}],"wp:attachment":[{"href":"https:\/\/ent2d.ac-bordeaux.fr\/disciplines\/lettres-histoire\/wp-json\/wp\/v2\/media?parent=4862"}],"wp:term":[{"taxonomy":"category","embeddable":true,"href":"https:\/\/ent2d.ac-bordeaux.fr\/disciplines\/lettres-histoire\/wp-json\/wp\/v2\/categories?post=4862"},{"taxonomy":"post_tag","embeddable":true,"href":"https:\/\/ent2d.ac-bordeaux.fr\/disciplines\/lettres-histoire\/wp-json\/wp\/v2\/tags?post=4862"}],"curies":[{"name":"wp","href":"https:\/\/api.w.org\/{rel}","templated":true}]}}