{"id":4110,"date":"2021-02-16T09:00:50","date_gmt":"2021-02-16T08:00:50","guid":{"rendered":"https:\/\/ent2d.ac-bordeaux.fr\/disciplines\/lettres-histoire\/?p=4110"},"modified":"2021-03-03T11:47:54","modified_gmt":"2021-03-03T10:47:54","slug":"clemi-la-photographie-de-presse","status":"publish","type":"post","link":"https:\/\/ent2d.ac-bordeaux.fr\/disciplines\/lettres-histoire\/clemi-la-photographie-de-presse\/","title":{"rendered":"CLEMI &#8211; La photographie de presse"},"content":{"rendered":"<p style=\"text-align: justify\">Dans le cadre de la r\u00e9forme de la voie professionnelle, l\u2019\u00c9ducation aux m\u00e9dias et \u00e0 l\u2019information (EMI) trouve sa place dans les programmes disciplinaires de Lettres-Histoire-EMC que ce soit en CAP ou en Bac professionnel. Le fran\u00e7ais y consacre en classe de seconde Bac pro (&#8220;S&#8217;informer, informer ; les circuits de l&#8217;information&#8221;) et en CAP (&#8220;Former, informer, communiquer&#8221;), un objet d\u2019\u00e9tude explicite centr\u00e9 sur l\u2019information.<br \/>\nEn fran\u00e7ais, la lecture d\u2019images fixes permet de prendre conscience de la multiplicit\u00e9 des supports et la photographie de presse peut \u00eatre un bon moyen de mobiliser les \u00e9l\u00e8ves. Les photographies peuvent jouer le r\u00f4le de \u201cd\u00e9clencheurs\u201d car elles <em><a href=\"https:\/\/ent2d.ac-bordeaux.fr\/disciplines\/lettres-histoire\/wp-content\/uploads\/sites\/5\/2021\/02\/Clemi-La-photographie-de-presse.pdf\" target=\"_blank\" rel=\"noopener noreferrer\">lire la suite&#8230;<\/a><\/em><\/p>\n<p>&nbsp;<\/p>\n<pre>Illustration : page de couverture du <a href=\"https:\/\/www.clemi.fr\/fr\/ressources\/dossier-pedagogique-de-la-semaine-de-la-presse-et-des-medias-dans-lecole.html\" target=\"_blank\" rel=\"noopener noreferrer\">dossier p\u00e9dagogique<\/a> de la semaine de la presse et des m\u00e9dias \u00e0 l'\u00e9cole 2021<\/pre>\n","protected":false},"excerpt":{"rendered":"<p>Dans le cadre de la r\u00e9forme de la voie professionnelle, l\u2019\u00c9ducation aux m\u00e9dias et \u00e0 l\u2019information (EMI) trouve sa place<\/p>\n","protected":false},"author":10,"featured_media":4124,"comment_status":"closed","ping_status":"closed","sticky":false,"template":"","format":"standard","meta":{"_bbp_topic_count":0,"_bbp_reply_count":0,"_bbp_total_topic_count":0,"_bbp_total_reply_count":0,"_bbp_voice_count":0,"_bbp_anonymous_reply_count":0,"_bbp_topic_count_hidden":0,"_bbp_reply_count_hidden":0,"_bbp_forum_subforum_count":0,"footnotes":""},"categories":[3,59],"tags":[],"class_list":["post-4110","post","type-post","status-publish","format-standard","has-post-thumbnail","hentry","category-actualites","category-lu-vu-entendu"],"_links":{"self":[{"href":"https:\/\/ent2d.ac-bordeaux.fr\/disciplines\/lettres-histoire\/wp-json\/wp\/v2\/posts\/4110","targetHints":{"allow":["GET"]}}],"collection":[{"href":"https:\/\/ent2d.ac-bordeaux.fr\/disciplines\/lettres-histoire\/wp-json\/wp\/v2\/posts"}],"about":[{"href":"https:\/\/ent2d.ac-bordeaux.fr\/disciplines\/lettres-histoire\/wp-json\/wp\/v2\/types\/post"}],"author":[{"embeddable":true,"href":"https:\/\/ent2d.ac-bordeaux.fr\/disciplines\/lettres-histoire\/wp-json\/wp\/v2\/users\/10"}],"replies":[{"embeddable":true,"href":"https:\/\/ent2d.ac-bordeaux.fr\/disciplines\/lettres-histoire\/wp-json\/wp\/v2\/comments?post=4110"}],"version-history":[{"count":5,"href":"https:\/\/ent2d.ac-bordeaux.fr\/disciplines\/lettres-histoire\/wp-json\/wp\/v2\/posts\/4110\/revisions"}],"predecessor-version":[{"id":4125,"href":"https:\/\/ent2d.ac-bordeaux.fr\/disciplines\/lettres-histoire\/wp-json\/wp\/v2\/posts\/4110\/revisions\/4125"}],"wp:featuredmedia":[{"embeddable":true,"href":"https:\/\/ent2d.ac-bordeaux.fr\/disciplines\/lettres-histoire\/wp-json\/wp\/v2\/media\/4124"}],"wp:attachment":[{"href":"https:\/\/ent2d.ac-bordeaux.fr\/disciplines\/lettres-histoire\/wp-json\/wp\/v2\/media?parent=4110"}],"wp:term":[{"taxonomy":"category","embeddable":true,"href":"https:\/\/ent2d.ac-bordeaux.fr\/disciplines\/lettres-histoire\/wp-json\/wp\/v2\/categories?post=4110"},{"taxonomy":"post_tag","embeddable":true,"href":"https:\/\/ent2d.ac-bordeaux.fr\/disciplines\/lettres-histoire\/wp-json\/wp\/v2\/tags?post=4110"}],"curies":[{"name":"wp","href":"https:\/\/api.w.org\/{rel}","templated":true}]}}