{"id":3971,"date":"2020-10-04T19:26:23","date_gmt":"2020-10-04T18:26:23","guid":{"rendered":"https:\/\/ent2d.ac-bordeaux.fr\/disciplines\/lettres-histoire\/?p=3971"},"modified":"2020-10-05T12:07:02","modified_gmt":"2020-10-05T11:07:02","slug":"3971-2","status":"publish","type":"post","link":"https:\/\/ent2d.ac-bordeaux.fr\/disciplines\/lettres-histoire\/3971-2\/","title":{"rendered":""},"content":{"rendered":"<p style=\"text-align: justify\">Le FIG se termine. Le programme, malgr\u00e9 un climat sanitaire tendu, a gard\u00e9 sa richesse et sa densit\u00e9. Une grande partie des interventions est disponible sur la <a href=\"https:\/\/www.youtube.com\/user\/infoFIG\/videos\" target=\"_blank\" rel=\"noopener noreferrer\">web TV du FIG<\/a>.<\/p>\n<p>Samedi 2 octobre, lors de la table ronde de l&#8217;Inspection, a pu \u00eatre \u00e9voqu\u00e9 bri\u00e8vement la r\u00e9forme de la voie professionnelle en histoire et g\u00e9ographie.<br \/>\nS&#8217;appuyer sur les documents ressources permet d&#8217;appr\u00e9hender au mieux le programme et ses possibilit\u00e9s de mise en \u0153uvre. Chaque ann\u00e9e de formation a \u00e9t\u00e9 construite en th\u00e8mes qui se r\u00e9pondent les uns aux autres, \u00e0 la fois pour chaque ann\u00e9e scolaire mais aussi d&#8217;un niveau \u00e0 l&#8217;autre. Cette interp\u00e9n\u00e9tration permet de ressolliciter, de mani\u00e8re r\u00e9guli\u00e8re, les acquis des \u00e9l\u00e8ves.<br \/>\nLes comp\u00e9tences d\u00e9clin\u00e9es en capacit\u00e9s sont affirm\u00e9es comme l&#8217;entr\u00e9e des programmes. 4 capacit\u00e9s sont contextualis\u00e9es dans un th\u00e8me, ce qui signifie qu&#8217;elles deviennent un passage oblig\u00e9 mais qu&#8217;elles ne sont pas n\u00e9cessairement \u00e0 envisager de mani\u00e8re isol\u00e9e. Ainsi une m\u00eame s\u00e9ance peut solliciter 2 \u00e0 3 capacit\u00e9s. Les comp\u00e9tences et capacit\u00e9s sont \u00e0 construire suivant une logique de cycle, l&#8217;\u00e9l\u00e8ve doit \u00eatre confront\u00e9 pour chacune d&#8217;entre elles, tout au long de sa formation, \u00e0 davantage d&#8217;autonomie, de responsabilit\u00e9s, de complexit\u00e9. Le document ressource <a href=\"https:\/\/cache.media.eduscol.education.fr\/file\/Histoire-geo\/59\/6\/RA20_Lycee_P_CAP12T_COM_GEO_approche_competences_1325596.pdf\" target=\"_blank\" rel=\"noopener noreferrer\">&#8220;approche par comp\u00e9tences&#8221; <\/a>\u00e9claire cet aspect.<\/p>\n<p>Retrouvez d&#8217;autres informations li\u00e9es au festival sur le <a href=\"https:\/\/www.fig.saint-die-des-vosges.fr\/\" target=\"_blank\" rel=\"noopener noreferrer\">site internet du FIG<\/a>.<\/p>\n<p>Et pour l&#8217;\u00e9dition 2021, il sera question de &#8220;Corp(s)&#8221; avec l&#8217;Europe comme r\u00e9gion invit\u00e9e.<\/p>\n","protected":false},"excerpt":{"rendered":"<p>Le FIG se termine. Le programme, malgr\u00e9 un climat sanitaire tendu, a gard\u00e9 sa richesse et sa densit\u00e9. Une grande<\/p>\n","protected":false},"author":10,"featured_media":3973,"comment_status":"closed","ping_status":"closed","sticky":false,"template":"","format":"standard","meta":{"_bbp_topic_count":0,"_bbp_reply_count":0,"_bbp_total_topic_count":0,"_bbp_total_reply_count":0,"_bbp_voice_count":0,"_bbp_anonymous_reply_count":0,"_bbp_topic_count_hidden":0,"_bbp_reply_count_hidden":0,"_bbp_forum_subforum_count":0,"footnotes":""},"categories":[3],"tags":[],"class_list":["post-3971","post","type-post","status-publish","format-standard","has-post-thumbnail","hentry","category-actualites"],"_links":{"self":[{"href":"https:\/\/ent2d.ac-bordeaux.fr\/disciplines\/lettres-histoire\/wp-json\/wp\/v2\/posts\/3971","targetHints":{"allow":["GET"]}}],"collection":[{"href":"https:\/\/ent2d.ac-bordeaux.fr\/disciplines\/lettres-histoire\/wp-json\/wp\/v2\/posts"}],"about":[{"href":"https:\/\/ent2d.ac-bordeaux.fr\/disciplines\/lettres-histoire\/wp-json\/wp\/v2\/types\/post"}],"author":[{"embeddable":true,"href":"https:\/\/ent2d.ac-bordeaux.fr\/disciplines\/lettres-histoire\/wp-json\/wp\/v2\/users\/10"}],"replies":[{"embeddable":true,"href":"https:\/\/ent2d.ac-bordeaux.fr\/disciplines\/lettres-histoire\/wp-json\/wp\/v2\/comments?post=3971"}],"version-history":[{"count":7,"href":"https:\/\/ent2d.ac-bordeaux.fr\/disciplines\/lettres-histoire\/wp-json\/wp\/v2\/posts\/3971\/revisions"}],"predecessor-version":[{"id":3988,"href":"https:\/\/ent2d.ac-bordeaux.fr\/disciplines\/lettres-histoire\/wp-json\/wp\/v2\/posts\/3971\/revisions\/3988"}],"wp:featuredmedia":[{"embeddable":true,"href":"https:\/\/ent2d.ac-bordeaux.fr\/disciplines\/lettres-histoire\/wp-json\/wp\/v2\/media\/3973"}],"wp:attachment":[{"href":"https:\/\/ent2d.ac-bordeaux.fr\/disciplines\/lettres-histoire\/wp-json\/wp\/v2\/media?parent=3971"}],"wp:term":[{"taxonomy":"category","embeddable":true,"href":"https:\/\/ent2d.ac-bordeaux.fr\/disciplines\/lettres-histoire\/wp-json\/wp\/v2\/categories?post=3971"},{"taxonomy":"post_tag","embeddable":true,"href":"https:\/\/ent2d.ac-bordeaux.fr\/disciplines\/lettres-histoire\/wp-json\/wp\/v2\/tags?post=3971"}],"curies":[{"name":"wp","href":"https:\/\/api.w.org\/{rel}","templated":true}]}}