{"id":3833,"date":"2020-06-20T17:19:21","date_gmt":"2020-06-20T16:19:21","guid":{"rendered":"https:\/\/ent2d.ac-bordeaux.fr\/disciplines\/lettres-histoire\/?p=3833"},"modified":"2020-06-20T17:19:21","modified_gmt":"2020-06-20T16:19:21","slug":"gt-sur-loe-rever-imaginer-creer","status":"publish","type":"post","link":"https:\/\/ent2d.ac-bordeaux.fr\/disciplines\/lettres-histoire\/gt-sur-loe-rever-imaginer-creer\/","title":{"rendered":"GT sur l&#8217;OE &#8220;r\u00eaver, imaginer, cr\u00e9er&#8221;"},"content":{"rendered":"<p style=\"text-align: justify\" align=\"justify\"><span style=\"font-family: arial, helvetica, sans-serif\"><b>Corpus\u00a0:<\/b> Nouvelle<i> <\/i>\u00ab\u00a0La journ\u00e9e d\u2019un journaliste am\u00e9ricain en 2890<i>\u00a0\u00bb <\/i>de Jules Verne\u00a0; les villes imaginaires (dictionnaire des villes imaginaires)\u00a0; extraits de films\u00a0; extrait du roman \u00ab\u00a0Paris au XX\u00e8me si\u00e8cle\u00a0\u00bb de Jules verne.<\/span><\/p>\n<p style=\"text-align: justify\" align=\"justify\"><span style=\"font-family: arial, helvetica, sans-serif\"><b>Enjeux et vis\u00e9e<\/b>\u00a0: R\u00e9fl\u00e9chir sur la repr\u00e9sentation du monde d\u2019un \u00e9crivain \u2013 plus sp\u00e9cifiquement, la ville du futur \u00e0 la lumi\u00e8re des avanc\u00e9es technologiques- , la confronter \u00e0 d\u2019autres regards (\u00e9crivains, cin\u00e9astes, artistes),\u00a0; r\u00e9fl\u00e9chir sur les chemins de la cr\u00e9ation et la mise \u00e0 distance du r\u00e9el\u00a0; encourager la cr\u00e9ativit\u00e9 des \u00e9l\u00e8ves (projet \u00e0 la fois personnel et collectif).<\/span><\/p>\n<p align=\"justify\">Document de la s\u00e9quence :<\/p>\n<p align=\"justify\"><a href=\"https:\/\/ent2d.ac-bordeaux.fr\/disciplines\/lettres-histoire\/wp-content\/uploads\/sites\/5\/2020\/06\/S\u00e9quence-R\u00eaver-cr\u00e9er-imaginer.pdf\">S\u00e9quence r\u00eaver, cr\u00e9er, imaginer<\/a><\/p>\n","protected":false},"excerpt":{"rendered":"<p>Corpus\u00a0: Nouvelle \u00ab\u00a0La journ\u00e9e d\u2019un journaliste am\u00e9ricain en 2890\u00a0\u00bb de Jules Verne\u00a0; les villes imaginaires (dictionnaire des villes imaginaires)\u00a0; extraits<\/p>\n","protected":false},"author":11,"featured_media":0,"comment_status":"closed","ping_status":"closed","sticky":false,"template":"","format":"standard","meta":{"_bbp_topic_count":0,"_bbp_reply_count":0,"_bbp_total_topic_count":0,"_bbp_total_reply_count":0,"_bbp_voice_count":0,"_bbp_anonymous_reply_count":0,"_bbp_topic_count_hidden":0,"_bbp_reply_count_hidden":0,"_bbp_forum_subforum_count":0,"footnotes":""},"categories":[107],"tags":[],"class_list":["post-3833","post","type-post","status-publish","format-standard","hentry","category-rever-imaginer-creer"],"_links":{"self":[{"href":"https:\/\/ent2d.ac-bordeaux.fr\/disciplines\/lettres-histoire\/wp-json\/wp\/v2\/posts\/3833","targetHints":{"allow":["GET"]}}],"collection":[{"href":"https:\/\/ent2d.ac-bordeaux.fr\/disciplines\/lettres-histoire\/wp-json\/wp\/v2\/posts"}],"about":[{"href":"https:\/\/ent2d.ac-bordeaux.fr\/disciplines\/lettres-histoire\/wp-json\/wp\/v2\/types\/post"}],"author":[{"embeddable":true,"href":"https:\/\/ent2d.ac-bordeaux.fr\/disciplines\/lettres-histoire\/wp-json\/wp\/v2\/users\/11"}],"replies":[{"embeddable":true,"href":"https:\/\/ent2d.ac-bordeaux.fr\/disciplines\/lettres-histoire\/wp-json\/wp\/v2\/comments?post=3833"}],"version-history":[{"count":1,"href":"https:\/\/ent2d.ac-bordeaux.fr\/disciplines\/lettres-histoire\/wp-json\/wp\/v2\/posts\/3833\/revisions"}],"predecessor-version":[{"id":3835,"href":"https:\/\/ent2d.ac-bordeaux.fr\/disciplines\/lettres-histoire\/wp-json\/wp\/v2\/posts\/3833\/revisions\/3835"}],"wp:attachment":[{"href":"https:\/\/ent2d.ac-bordeaux.fr\/disciplines\/lettres-histoire\/wp-json\/wp\/v2\/media?parent=3833"}],"wp:term":[{"taxonomy":"category","embeddable":true,"href":"https:\/\/ent2d.ac-bordeaux.fr\/disciplines\/lettres-histoire\/wp-json\/wp\/v2\/categories?post=3833"},{"taxonomy":"post_tag","embeddable":true,"href":"https:\/\/ent2d.ac-bordeaux.fr\/disciplines\/lettres-histoire\/wp-json\/wp\/v2\/tags?post=3833"}],"curies":[{"name":"wp","href":"https:\/\/api.w.org\/{rel}","templated":true}]}}