{"id":2302,"date":"2018-02-21T07:29:04","date_gmt":"2018-02-21T06:29:04","guid":{"rendered":"https:\/\/ent2d.ac-bordeaux.fr\/disciplines\/lettres-histoire\/?p=2302"},"modified":"2018-02-21T18:25:54","modified_gmt":"2018-02-21T17:25:54","slug":"memorial-des-3954-rescapes-de-la-deportation-des-juifs-de-france","status":"publish","type":"post","link":"https:\/\/ent2d.ac-bordeaux.fr\/disciplines\/lettres-histoire\/memorial-des-3954-rescapes-de-la-deportation-des-juifs-de-france\/","title":{"rendered":"M\u00e9morial des 3954 rescap\u00e9s de la d\u00e9portation des Juifs de France"},"content":{"rendered":"<p style=\"text-align: justify\">En 2015, Alexandre Doulut, Serge Klarsfeld et Sandrine Labeau publiaient le r\u00e9sultat de leurs recherches sur les rescap\u00e9s de la Shoah en France dans un ouvrage intitul\u00e9\u00a0: <em>1945. Les rescap\u00e9s juifs d\u2019Auschwitz t\u00e9moignent<\/em> (co\u00e9dition Apr\u00e8s l\u2019Oubli-Les Fils et Filles des D\u00e9port\u00e9s Juifs de France).<\/p>\n<p style=\"text-align: justify\">Mais les noms de plusieurs rescap\u00e9s manquaient encore lors de la publication. Certains d\u2019entre eux sont rest\u00e9s inconnus parce qu\u2019ils sont morts peu de temps apr\u00e8s la lib\u00e9ration des camps, chez eux, dans des sanatoriums ou dans des h\u00f4pitaux\u00a0; d\u2019autres sont morts dans les ann\u00e9es 1946-1947, sans avoir eu le temps de laisser des traces administratives qui repr\u00e9sentent autant de sources pour les chercheurs aujourd\u2019hui\u00a0; d\u2019autres, r\u00e9fugi\u00e9s de Belgique, de Hollande, d\u2019Allemagne, d\u2019Autriche et m\u00eame de Pologne, sont rentr\u00e9s chez eux rapidement apr\u00e8s leur rapatriement, voire ont \u00e9t\u00e9 rapatri\u00e9s dans leur pays d\u2019origine sans passer par la France en 1945\u00a0; certains enfin ont pr\u00e9f\u00e9r\u00e9 \u00e9migrer en Palestine, aux USA, en Australie\u2026 D\u2019autre part, beaucoup se sont tenus \u00e0 l\u2019\u00e9cart de toute association et l\u2019administration avec laquelle ils \u00e9taient en relation n\u2019avait pas \u00e0 communiquer leurs noms.<\/p>\n<p style=\"text-align: justify\">Cette recherche a donc \u00e9t\u00e9 longue\u00a0et \u00e9volutive puisqu\u2019en 1945, il \u00e9tait question de 1200 survivants. En 1978, lors de la publication du <em>M\u00e9morial de la d\u00e9portation des Juifs de France<\/em>, Serge Klarsfeld en avait identifi\u00e9 2\u00a0500. En 2015, Alexandre Doulut, Serge Klarsfeld et Sandrine Labeau publiaient les noms de 3 359 personnes.<\/p>\n<p style=\"text-align: justify\">Aujourd\u2019hui, cette recherche est termin\u00e9e\u00a0: le nombre de rescap\u00e9s juifs d\u00e9port\u00e9s de France avoisine d\u00e9sormais les 4 000. La liste des noms sera publi\u00e9e, accompagn\u00e9e de nouveaux t\u00e9moignages de rescap\u00e9s recueillis \u00e0 leur retour en 1945 par le SRCGE (service de recherche des crimes de guerre ennemis) et le minist\u00e8re des PDR (minist\u00e8re des Prisonniers, D\u00e9port\u00e9s et R\u00e9fugi\u00e9s, futur minist\u00e8re des Anciens combattants) dans un nouvel ouvrage \u00e0 para\u00eetre en 2018.<\/p>\n<p>&nbsp;<\/p>\n<table>\n<tbody>\n<tr>\n<td>\n<table>\n<tbody>\n<tr>\n<td>\n<p style=\"text-align: justify\"><span style=\"font-family: 'courier new', courier, monospace\">Les documents choisis en illustration concernent\u00a0<strong>Zalie HOPPEN WALDHORN<\/strong>,\u00a0 n\u00e9e le 30 juin 1927 \u00e0 Paris, rescap\u00e9e du convoi n\u00b077 parti de Drancy \u00e0 destination d\u2019Auschwitz le 31 juillet 1944.<\/span><\/p>\n<p style=\"text-align: justify\"><span style=\"font-family: 'courier new', courier, monospace\"><u>Document 1<\/u>\u00a0: Fiche de recherche, avec la photo de Zalie, appos\u00e9e par sa famille \u00e0 l\u2019h\u00f4tel Lut\u00e9tia \u00e0 Paris en 1945.<\/span><\/p>\n<p style=\"text-align: justify\"><span style=\"font-family: 'courier new', courier, monospace\"><u>Document 2<\/u>\u00a0: Recto de la fiche m\u00e9dicale \u00e9tablie \u00e0 son retour en mai 1945 par le Minist\u00e8re des Prisonniers, d\u00e9port\u00e9s et r\u00e9fugi\u00e9s.<\/span><\/p>\n<p style=\"text-align: right\"><span style=\"font-family: 'courier new', courier, monospace\">\u00a0<strong>Source\u00a0: SHD- PAVCC. \u00a0Dossier 21 P 616 220<\/strong><\/span><\/p>\n<\/td>\n<\/tr>\n<\/tbody>\n<\/table>\n<\/td>\n<\/tr>\n<\/tbody>\n<\/table>\n<p>&nbsp;<\/p>\n","protected":false},"excerpt":{"rendered":"<p>En 2015, Alexandre Doulut, Serge Klarsfeld et Sandrine Labeau publiaient le r\u00e9sultat de leurs recherches sur les rescap\u00e9s de la<\/p>\n","protected":false},"author":10,"featured_media":2303,"comment_status":"closed","ping_status":"closed","sticky":false,"template":"","format":"standard","meta":{"_bbp_topic_count":0,"_bbp_reply_count":0,"_bbp_total_topic_count":0,"_bbp_total_reply_count":0,"_bbp_voice_count":0,"_bbp_anonymous_reply_count":0,"_bbp_topic_count_hidden":0,"_bbp_reply_count_hidden":0,"_bbp_forum_subforum_count":0,"footnotes":""},"categories":[59],"tags":[],"class_list":["post-2302","post","type-post","status-publish","format-standard","has-post-thumbnail","hentry","category-lu-vu-entendu"],"_links":{"self":[{"href":"https:\/\/ent2d.ac-bordeaux.fr\/disciplines\/lettres-histoire\/wp-json\/wp\/v2\/posts\/2302","targetHints":{"allow":["GET"]}}],"collection":[{"href":"https:\/\/ent2d.ac-bordeaux.fr\/disciplines\/lettres-histoire\/wp-json\/wp\/v2\/posts"}],"about":[{"href":"https:\/\/ent2d.ac-bordeaux.fr\/disciplines\/lettres-histoire\/wp-json\/wp\/v2\/types\/post"}],"author":[{"embeddable":true,"href":"https:\/\/ent2d.ac-bordeaux.fr\/disciplines\/lettres-histoire\/wp-json\/wp\/v2\/users\/10"}],"replies":[{"embeddable":true,"href":"https:\/\/ent2d.ac-bordeaux.fr\/disciplines\/lettres-histoire\/wp-json\/wp\/v2\/comments?post=2302"}],"version-history":[{"count":2,"href":"https:\/\/ent2d.ac-bordeaux.fr\/disciplines\/lettres-histoire\/wp-json\/wp\/v2\/posts\/2302\/revisions"}],"predecessor-version":[{"id":2308,"href":"https:\/\/ent2d.ac-bordeaux.fr\/disciplines\/lettres-histoire\/wp-json\/wp\/v2\/posts\/2302\/revisions\/2308"}],"wp:featuredmedia":[{"embeddable":true,"href":"https:\/\/ent2d.ac-bordeaux.fr\/disciplines\/lettres-histoire\/wp-json\/wp\/v2\/media\/2303"}],"wp:attachment":[{"href":"https:\/\/ent2d.ac-bordeaux.fr\/disciplines\/lettres-histoire\/wp-json\/wp\/v2\/media?parent=2302"}],"wp:term":[{"taxonomy":"category","embeddable":true,"href":"https:\/\/ent2d.ac-bordeaux.fr\/disciplines\/lettres-histoire\/wp-json\/wp\/v2\/categories?post=2302"},{"taxonomy":"post_tag","embeddable":true,"href":"https:\/\/ent2d.ac-bordeaux.fr\/disciplines\/lettres-histoire\/wp-json\/wp\/v2\/tags?post=2302"}],"curies":[{"name":"wp","href":"https:\/\/api.w.org\/{rel}","templated":true}]}}