{"id":694,"date":"2018-09-13T13:37:32","date_gmt":"2018-09-13T11:37:32","guid":{"rendered":"https:\/\/ent2d.ac-bordeaux.fr\/disciplines\/langues\/?p=694"},"modified":"2018-10-17T20:05:51","modified_gmt":"2018-10-17T18:05:51","slug":"mobilite-des-enseignants","status":"publish","type":"post","link":"https:\/\/ent2d.ac-bordeaux.fr\/disciplines\/langues\/2018\/09\/13\/mobilite-des-enseignants\/","title":{"rendered":"Mobilit\u00e9 des enseignants"},"content":{"rendered":"<p><a href=\"http:\/\/eduscol.education.fr\/langues-vivantes\/actualites\/actualites\/article\/etablissements-denseignement-francais-a-letranger.html\" target=\"_blank\" rel=\"noopener\">\u00c9tablissements d\u2019enseignement fran\u00e7ais \u00e0 l\u2019\u00e9tranger<\/a><\/p>\n<p><a href=\"http:\/\/eduscol.education.fr\/langues-vivantes\/actualites\/actualites\/article\/echanges-et-actions-de-formation-a-letranger-pour-les-enseignants-annee-2019-2020.html\" target=\"_blank\" rel=\"noopener\">\u00c9changes et actions de formation \u00e0 l\u2019\u00e9tranger pour les enseignants \u2013 ann\u00e9e 2019-2020<\/a>\u00a0Modalit\u00e9s des programmes et actions d\u2019\u00e9changes et de formations \u00e0 l\u2019\u00e9tranger organis\u00e9s au niveau national pour l\u2019ann\u00e9e scolaire 2019-2020.<\/p>\n<p><a href=\"http:\/\/www.education.gouv.fr\/pid285\/bulletin_officiel.html?cid_bo=126872\">Programme de mobilit\u00e9 internationale Jules Verne<\/a><\/p>\n<hr \/>\n<p><a href=\"http:\/\/www.ciep.fr\/stages-perfectionnement-linguistique-pedagogique-culturel\" target=\"_blank\" rel=\"noopener\">Stages de perfectionnement linguistique, p\u00e9dagogique et culturel, <strong>\u00e9t\u00e9 2019<\/strong><\/a><\/p>\n<p class=\"image_news\"><img loading=\"lazy\" decoding=\"async\" class=\"size-full wp-image-508 alignleft\" src=\"https:\/\/ent2d.ac-bordeaux.fr\/disciplines\/langues\/wp-content\/uploads\/sites\/61\/2018\/10\/CIEPs.png\" alt=\"\" width=\"80\" height=\"80\" \/><\/p>\n<p>Les professeurs de langue et de DNL peuvent candidater aux formations offertes par le Ciep.<\/p>\n<p>Cette ann\u00e9e encore, le Centre international d\u2019\u00e9tudes p\u00e9dagogiques (Ciep) propose\u00a0<a href=\"http:\/\/www.ciep.fr\/stages-perfectionnement-linguistique-pedagogique-culturel\" target=\"_blank\" rel=\"noopener\">diff\u00e9rentes formations<\/a>\u00a0aux enseignants de langue (anglais, espagnol, allemand, italien) au cours de l\u2019\u00e9t\u00e9 prochain.<\/p>\n<p>Les objectifs sont triples : permettre aux enseignants de perfectionner leur ma\u00eetrise de la langue, s\u2019interroger sur la m\u00e9thodologie et l\u2019\u00e9valuation dans le cadre de l\u2019enseignement des langues vivantes et acqu\u00e9rir de nouvelles comp\u00e9tences culturelles.<\/p>\n<p>Les destinations, programmes et dur\u00e9es sp\u00e9cifiques \u00e0 chaque formation sont disponibles sur le site du Ciep. Les enseignants de coll\u00e8ge, de lyc\u00e9e d\u2019enseignement g\u00e9n\u00e9ral et technologique et de lyc\u00e9e professionnel peuvent poser leur candidature. Les personnes int\u00e9ress\u00e9es devront s\u2019inscrire en ligne avant de transmettre leur dossier \u00e0 leur chef d\u2019\u00e9tablissement.<\/p>\n","protected":false},"excerpt":{"rendered":"<p>\u00c9tablissements d\u2019enseignement fran\u00e7ais \u00e0 l\u2019\u00e9tranger \u00c9changes et actions de formation \u00e0 l\u2019\u00e9tranger pour les enseignants \u2013 ann\u00e9e 2019-2020\u00a0Modalit\u00e9s des programmes et actions d\u2019\u00e9changes et de formations \u00e0 l\u2019\u00e9tranger organis\u00e9s au &#8230;<\/p>\n","protected":false},"author":53,"featured_media":979,"comment_status":"closed","ping_status":"closed","sticky":false,"template":"","format":"standard","meta":{"footnotes":""},"categories":[9],"tags":[14,61,77,65,13],"class_list":["post-694","post","type-post","status-publish","format-standard","has-post-thumbnail","hentry","category-mobilites-internationales","tag-formation","tag-mobilite","tag-perfectionnement","tag-programme-jules-verne","tag-stages"],"_links":{"self":[{"href":"https:\/\/ent2d.ac-bordeaux.fr\/disciplines\/langues\/wp-json\/wp\/v2\/posts\/694","targetHints":{"allow":["GET"]}}],"collection":[{"href":"https:\/\/ent2d.ac-bordeaux.fr\/disciplines\/langues\/wp-json\/wp\/v2\/posts"}],"about":[{"href":"https:\/\/ent2d.ac-bordeaux.fr\/disciplines\/langues\/wp-json\/wp\/v2\/types\/post"}],"author":[{"embeddable":true,"href":"https:\/\/ent2d.ac-bordeaux.fr\/disciplines\/langues\/wp-json\/wp\/v2\/users\/53"}],"replies":[{"embeddable":true,"href":"https:\/\/ent2d.ac-bordeaux.fr\/disciplines\/langues\/wp-json\/wp\/v2\/comments?post=694"}],"version-history":[{"count":2,"href":"https:\/\/ent2d.ac-bordeaux.fr\/disciplines\/langues\/wp-json\/wp\/v2\/posts\/694\/revisions"}],"predecessor-version":[{"id":748,"href":"https:\/\/ent2d.ac-bordeaux.fr\/disciplines\/langues\/wp-json\/wp\/v2\/posts\/694\/revisions\/748"}],"wp:featuredmedia":[{"embeddable":true,"href":"https:\/\/ent2d.ac-bordeaux.fr\/disciplines\/langues\/wp-json\/wp\/v2\/media\/979"}],"wp:attachment":[{"href":"https:\/\/ent2d.ac-bordeaux.fr\/disciplines\/langues\/wp-json\/wp\/v2\/media?parent=694"}],"wp:term":[{"taxonomy":"category","embeddable":true,"href":"https:\/\/ent2d.ac-bordeaux.fr\/disciplines\/langues\/wp-json\/wp\/v2\/categories?post=694"},{"taxonomy":"post_tag","embeddable":true,"href":"https:\/\/ent2d.ac-bordeaux.fr\/disciplines\/langues\/wp-json\/wp\/v2\/tags?post=694"}],"curies":[{"name":"wp","href":"https:\/\/api.w.org\/{rel}","templated":true}]}}