{"id":692,"date":"2018-09-13T13:35:11","date_gmt":"2018-09-13T11:35:11","guid":{"rendered":"https:\/\/ent2d.ac-bordeaux.fr\/disciplines\/langues\/?p=692"},"modified":"2018-10-17T20:04:25","modified_gmt":"2018-10-17T18:04:25","slug":"mobilite-des-eleves","status":"publish","type":"post","link":"https:\/\/ent2d.ac-bordeaux.fr\/disciplines\/langues\/2018\/09\/13\/mobilite-des-eleves\/","title":{"rendered":"Mobilit\u00e9 des \u00e9l\u00e8ves"},"content":{"rendered":"<h2><span style=\"font-size: 12pt\"><strong>Ouverture europ\u00e9enne et internationale<\/strong><\/span><\/h2>\n<p><a href=\"http:\/\/www.education.gouv.fr\/pid285\/bulletin_officiel.html?cid_bo=103304\" target=\"_blank\" rel=\"noopener\">Mobilit\u00e9 des \u00e9l\u00e8ves de coll\u00e8ge et de lyc\u00e9e en Europe et dans le monde<\/a><\/p>\n<hr \/>\n<h2><span style=\"font-size: 12pt\"><strong>Mobilit\u00e9 internationale &#8211;\u00a0<\/strong><strong>r\u00e9tablissement de l\u2019autorisation de sortie de territoire<\/strong><\/span><\/h2>\n<p>La loi du 3 juin 2016 relatif \u00e0 la lutte contre le terrorisme et le d\u00e9cret du 2 novembre 2016 ont r\u00e9tabli l\u2019autorisation de sortie de territoire pour les mineurs. Un arr\u00eat\u00e9 pr\u00e9cisera le mod\u00e8le du formulaire ainsi que la liste des pi\u00e8ces d\u2019identit\u00e9 admises pour le parent signataire. Le d\u00e9cret entrera en vigueur le 15 janvier 2017.<\/p>\n<p>S\u2019agissant des voyages scolaires, l\u2019enfant qui quitte le territoire sans \u00eatre accompagn\u00e9 d\u2019un titulaire de l\u2019autorit\u00e9 parentale devra pr\u00e9senter les 3 documents suivants\u00a0<strong>\u00e0 partir du 15 janvier 2017\u00a0<\/strong>:<\/p>\n<ul>\n<li>Pi\u00e8ce d\u2019identit\u00e9 du mineur\u00a0: carte d\u2019identit\u00e9 ou passeport<\/li>\n<li>Formulaire sign\u00e9 par l\u2019un des parents titulaire de l\u2019autorit\u00e9 parentale<\/li>\n<li>Photocopie du titre d\u2019identit\u00e9 du parent signataire<\/li>\n<\/ul>\n<p><a href=\"https:\/\/www.service-public.fr\/particuliers\/vosdroits\/F1359\" target=\"_blank\" rel=\"noopener\">Plus d\u2019informations<\/a><\/p>\n<hr \/>\n<h2><strong><span style=\"font-size: 12pt\">Un site : D\u00e9couvrir le monde\u00a0<\/span><\/strong><\/h2>\n<h2><span style=\"font-size: 12pt\"><strong><img loading=\"lazy\" decoding=\"async\" class=\"alignnone wp-image-750\" src=\"https:\/\/ent2d.ac-bordeaux.fr\/disciplines\/langues\/wp-content\/uploads\/sites\/61\/2018\/09\/Sejours1-300x52.png\" alt=\"\" width=\"340\" height=\"59\" srcset=\"https:\/\/ent2d.ac-bordeaux.fr\/disciplines\/langues\/wp-content\/uploads\/sites\/61\/2018\/09\/Sejours1-300x52.png 300w, https:\/\/ent2d.ac-bordeaux.fr\/disciplines\/langues\/wp-content\/uploads\/sites\/61\/2018\/09\/Sejours1-768x134.png 768w, https:\/\/ent2d.ac-bordeaux.fr\/disciplines\/langues\/wp-content\/uploads\/sites\/61\/2018\/09\/Sejours1.png 819w\" sizes=\"auto, (max-width: 340px) 100vw, 340px\" \/><\/strong><\/span><\/h2>\n<p>Un site pour vivre une exp\u00e9rience \u00e0 l\u2019\u00e9tranger.\u00a0<span style=\"font-size: 12pt\"><strong>gouv.fr<\/strong><\/span><\/p>\n<p>Le site\u00a0<a class=\"external-link-new-window\" title=\"D\u00e9couvrir le monde - Nouvelle fen\u00eatre\" href=\"http:\/\/decouvrirlemonde.jeunes.gouv.fr\/\" target=\"_blank\" rel=\"noopener\">\u00ab D\u00e9couvrir le monde \u00bb<\/a>\u00a0a pour objectifs de donner des id\u00e9es, de guider et d\u2019aider \u00e0 finaliser un projet de s\u00e9jour \u00e0 l\u2019\u00e9tranger, que ce soit pour \u00e9tudier, pour un stage ou encore un volontariat\u2026<\/p>\n<p>Le moteur de recherche avanc\u00e9 permet, \u00e0 partir d\u2019un profil, d\u2019orienter le choix et de d\u00e9couvrir les diff\u00e9rentes propositions offertes.<\/p>\n<p>Le site pr\u00e9sente \u00e9galement des t\u00e9moignages, des actualit\u00e9s, un pense-b\u00eate ainsi qu\u2019une carte de r\u00e9seaux d\u2019accompagnement g\u00e9n\u00e9raliste. Il s\u2019adresse \u00e9galement aux professionnels qui accompagnent les jeunes \u00e0 tous les niveaux (enseignants, animateurs, \u00e9ducateurs, conseillers\u2026) d\u00e9taillant ainsi les diff\u00e9rents dispositifs de mobilit\u00e9 europ\u00e9enne et internationale.<\/p>\n<p>&nbsp;<\/p>\n","protected":false},"excerpt":{"rendered":"<p>Ouverture europ\u00e9enne et internationale Mobilit\u00e9 des \u00e9l\u00e8ves de coll\u00e8ge et de lyc\u00e9e en Europe et dans le monde Mobilit\u00e9 internationale &#8211;\u00a0r\u00e9tablissement de l\u2019autorisation de sortie de territoire La loi du &#8230;<\/p>\n","protected":false},"author":53,"featured_media":980,"comment_status":"closed","ping_status":"closed","sticky":false,"template":"","format":"standard","meta":{"footnotes":""},"categories":[9],"tags":[63,76,62,64,61],"class_list":["post-692","post","type-post","status-publish","format-standard","has-post-thumbnail","hentry","category-mobilites-internationales","tag-autorisation-de-sortie-du-territoire","tag-decouvrir-le-monde","tag-europe","tag-experience-a-letranger","tag-mobilite"],"_links":{"self":[{"href":"https:\/\/ent2d.ac-bordeaux.fr\/disciplines\/langues\/wp-json\/wp\/v2\/posts\/692","targetHints":{"allow":["GET"]}}],"collection":[{"href":"https:\/\/ent2d.ac-bordeaux.fr\/disciplines\/langues\/wp-json\/wp\/v2\/posts"}],"about":[{"href":"https:\/\/ent2d.ac-bordeaux.fr\/disciplines\/langues\/wp-json\/wp\/v2\/types\/post"}],"author":[{"embeddable":true,"href":"https:\/\/ent2d.ac-bordeaux.fr\/disciplines\/langues\/wp-json\/wp\/v2\/users\/53"}],"replies":[{"embeddable":true,"href":"https:\/\/ent2d.ac-bordeaux.fr\/disciplines\/langues\/wp-json\/wp\/v2\/comments?post=692"}],"version-history":[{"count":4,"href":"https:\/\/ent2d.ac-bordeaux.fr\/disciplines\/langues\/wp-json\/wp\/v2\/posts\/692\/revisions"}],"predecessor-version":[{"id":752,"href":"https:\/\/ent2d.ac-bordeaux.fr\/disciplines\/langues\/wp-json\/wp\/v2\/posts\/692\/revisions\/752"}],"wp:featuredmedia":[{"embeddable":true,"href":"https:\/\/ent2d.ac-bordeaux.fr\/disciplines\/langues\/wp-json\/wp\/v2\/media\/980"}],"wp:attachment":[{"href":"https:\/\/ent2d.ac-bordeaux.fr\/disciplines\/langues\/wp-json\/wp\/v2\/media?parent=692"}],"wp:term":[{"taxonomy":"category","embeddable":true,"href":"https:\/\/ent2d.ac-bordeaux.fr\/disciplines\/langues\/wp-json\/wp\/v2\/categories?post=692"},{"taxonomy":"post_tag","embeddable":true,"href":"https:\/\/ent2d.ac-bordeaux.fr\/disciplines\/langues\/wp-json\/wp\/v2\/tags?post=692"}],"curies":[{"name":"wp","href":"https:\/\/api.w.org\/{rel}","templated":true}]}}