{"id":650,"date":"2018-10-06T11:16:11","date_gmt":"2018-10-06T09:16:11","guid":{"rendered":"https:\/\/ent2d.ac-bordeaux.fr\/disciplines\/langues\/?p=650"},"modified":"2018-10-15T20:09:25","modified_gmt":"2018-10-15T18:09:25","slug":"zoom-sur-lusage-des-outils-numeriques-en-lv","status":"publish","type":"post","link":"https:\/\/ent2d.ac-bordeaux.fr\/disciplines\/langues\/2018\/10\/06\/zoom-sur-lusage-des-outils-numeriques-en-lv\/","title":{"rendered":"Zoom sur l\u2019usage des outils num\u00e9riques en LV"},"content":{"rendered":"<p><a href=\"http:\/\/eduscol.education.fr\/pid35147\/fiches-usages-des-equipements-mobiles.html\" target=\"_blank\" rel=\"noopener\">Fiches \u00ab\u00a0usages des \u00e9quipements mobiles\u00a0\u00bb<\/a>\u00a0<strong>\u00e9duscol<\/strong><\/p>\n<p><a class=\"state-private navTreeItemInPath navTreeFolderish contenttype-folder\" title=\"\" href=\"http:\/\/eduscol.education.fr\/langues-vivantes\/animation\/actions_obj\" target=\"_blank\" rel=\"noopener\">Travaux acad\u00e9miques mutualis\u00e9s (TraAM)<\/a>\u00a0<strong>\u00e9duscol<\/strong><\/p>\n<p><a href=\"http:\/\/eduscol.education.fr\/langues-vivantes\/actualites\/actualites\/article\/une-lecture-compte-rendu-des-traam.html\" target=\"_blank\" rel=\"noopener\">TRAAM 2016-2017<\/a>\u00a0<strong>\u00e9duscol<\/strong><\/p>\n<p><span class=\"crayon article-titre-697 \"><a href=\"http:\/\/www.langues.ac-versailles.fr\/spip.php?article697\" target=\"_blank\" rel=\"noopener\">Un mus\u00e9e interactif\u00a0: BYOD, Tablettes, QR codes et r\u00e9alit\u00e9 augment\u00e9e<\/a>\u00a0Ac-Versailles<\/span><\/p>\n<p><a href=\"http:\/\/espagnol.ac-creteil.fr\/documents\/2015_bilan_livre_num_espagnol.pdf\" target=\"_blank\" rel=\"noopener\">Cr\u00e9ation d\u2019un livre num\u00e9rique en espagnol<\/a>\u00a0Ac-Cr\u00e9teil<\/p>\n<p><a href=\"http:\/\/espagnol.spip.ac-rouen.fr\/?Utilisation-des-outils-numeriques-a-differents-moments-du-cours-tablettes\" target=\"_blank\" rel=\"noopener\">Tablettes tactiles et compr\u00e9hension de texte<\/a>\u00a0Ac-Rouen<\/p>\n<p><a href=\"https:\/\/interlangues-pedagogie.web.ac-grenoble.fr\/content\/comment-utiliser-les-tablettes-en-langues\" target=\"_blank\" rel=\"noopener\">Comment utiliser les tablettes en langues<\/a>\u00a0&#8211; Ac-Grenoble<\/p>\n<p><a href=\"https:\/\/langues.ac-versailles.fr\/spip.php?article889\" target=\"_blank\" rel=\"noopener\">Jeux de Dobble<sup>\u00a9<\/sup>personnalis\u00e9s<\/a> pour travailler le lexique Ac-Versailles<\/p>\n<p><a href=\"http:\/\/eduscol.education.fr\/langues-vivantes\/actualites\/actualites\/article\/differencier-par-le-numerique-le-tutorat-entre-eleves.html\" target=\"_blank\" rel=\"noopener\">Diff\u00e9rencier par le num\u00e9rique : le tutorat entre \u00e9l\u00e8ves\u00a0<\/a>\u00a0<strong>\u00e9duscol<\/strong><\/p>\n<p>&nbsp;<\/p>\n","protected":false},"excerpt":{"rendered":"<p>Fiches \u00ab\u00a0usages des \u00e9quipements mobiles\u00a0\u00bb\u00a0\u00e9duscol Travaux acad\u00e9miques mutualis\u00e9s (TraAM)\u00a0\u00e9duscol TRAAM 2016-2017\u00a0\u00e9duscol Un mus\u00e9e interactif\u00a0: BYOD, Tablettes, QR codes et r\u00e9alit\u00e9 augment\u00e9e\u00a0Ac-Versailles Cr\u00e9ation d\u2019un livre num\u00e9rique en espagnol\u00a0Ac-Cr\u00e9teil Tablettes tactiles et &#8230;<\/p>\n","protected":false},"author":53,"featured_media":964,"comment_status":"closed","ping_status":"closed","sticky":false,"template":"","format":"standard","meta":{"footnotes":""},"categories":[10],"tags":[51,52,53,54],"class_list":["post-650","post","type-post","status-publish","format-standard","has-post-thumbnail","hentry","category-espace-numerique","tag-livre-numerique","tag-musee-interactif","tag-tablettes","tag-usages"],"_links":{"self":[{"href":"https:\/\/ent2d.ac-bordeaux.fr\/disciplines\/langues\/wp-json\/wp\/v2\/posts\/650","targetHints":{"allow":["GET"]}}],"collection":[{"href":"https:\/\/ent2d.ac-bordeaux.fr\/disciplines\/langues\/wp-json\/wp\/v2\/posts"}],"about":[{"href":"https:\/\/ent2d.ac-bordeaux.fr\/disciplines\/langues\/wp-json\/wp\/v2\/types\/post"}],"author":[{"embeddable":true,"href":"https:\/\/ent2d.ac-bordeaux.fr\/disciplines\/langues\/wp-json\/wp\/v2\/users\/53"}],"replies":[{"embeddable":true,"href":"https:\/\/ent2d.ac-bordeaux.fr\/disciplines\/langues\/wp-json\/wp\/v2\/comments?post=650"}],"version-history":[{"count":5,"href":"https:\/\/ent2d.ac-bordeaux.fr\/disciplines\/langues\/wp-json\/wp\/v2\/posts\/650\/revisions"}],"predecessor-version":[{"id":668,"href":"https:\/\/ent2d.ac-bordeaux.fr\/disciplines\/langues\/wp-json\/wp\/v2\/posts\/650\/revisions\/668"}],"wp:featuredmedia":[{"embeddable":true,"href":"https:\/\/ent2d.ac-bordeaux.fr\/disciplines\/langues\/wp-json\/wp\/v2\/media\/964"}],"wp:attachment":[{"href":"https:\/\/ent2d.ac-bordeaux.fr\/disciplines\/langues\/wp-json\/wp\/v2\/media?parent=650"}],"wp:term":[{"taxonomy":"category","embeddable":true,"href":"https:\/\/ent2d.ac-bordeaux.fr\/disciplines\/langues\/wp-json\/wp\/v2\/categories?post=650"},{"taxonomy":"post_tag","embeddable":true,"href":"https:\/\/ent2d.ac-bordeaux.fr\/disciplines\/langues\/wp-json\/wp\/v2\/tags?post=650"}],"curies":[{"name":"wp","href":"https:\/\/api.w.org\/{rel}","templated":true}]}}