{"id":618,"date":"2018-09-12T22:41:52","date_gmt":"2018-09-12T20:41:52","guid":{"rendered":"https:\/\/ent2d.ac-bordeaux.fr\/disciplines\/langues\/?p=618"},"modified":"2018-10-17T20:00:47","modified_gmt":"2018-10-17T18:00:47","slug":"ressources-institutionnelles","status":"publish","type":"post","link":"https:\/\/ent2d.ac-bordeaux.fr\/disciplines\/langues\/2018\/09\/12\/ressources-institutionnelles\/","title":{"rendered":"Ressources institutionnelles"},"content":{"rendered":"<p><span class=\"contenu_titre_non_image\" style=\"font-size: 12pt\"><a href=\"https:\/\/ent2d.ac-bordeaux.fr\/disciplines\/langues\/wp-content\/uploads\/sites\/61\/2018\/10\/GuideCECR-utilisateurs-2001_fr.doc.pdf\" target=\"_blank\" rel=\"noopener\">CECRL<\/a> : le Cadre europ\u00e9en commun de r\u00e9f\u00e9rence pour les langues<\/span><\/p>\n<p><span style=\"font-size: 12pt\"><a href=\"https:\/\/rm.coe.int\/cecr-volume-complementaire-avec-de-nouveaux-descripteurs\/16807875d5\" target=\"_blank\" rel=\"noopener\">Volume compl\u00e9mentaire du CECR<\/a> avec de nouveaux descripteurs<\/span><\/p>\n<p><span style=\"font-size: 12pt\"><a href=\"http:\/\/eduscol.education.fr\/cid45757\/presentation.html\" target=\"_blank\" rel=\"noopener\"><span class=\"contenu_titre_non_image\">Pr\u00e9sentation des ressources pour les langues vivantes<\/span><\/a><\/span><\/p>\n<p><span style=\"font-size: 12pt\"><a href=\"http:\/\/eduscol.education.fr\/pid31432\/enseigner-les-langues-vivantes.html\" target=\"_blank\" rel=\"noopener\">Enseigner les Langues vivantes\u00a0<\/a>\u00a0( vid\u00e9os)<\/span><\/p>\n<p><span style=\"font-size: 12pt\"><a href=\"https:\/\/www.coe.int\/fr\/web\/language-policy\/home\" target=\"_blank\" rel=\"noopener\">Portail des Politiques linguistiques du Conseil de l&#8217;Europe<\/a><\/span><\/p>\n<p>&nbsp;<\/p>\n","protected":false},"excerpt":{"rendered":"<p>CECRL : le Cadre europ\u00e9en commun de r\u00e9f\u00e9rence pour les langues Volume compl\u00e9mentaire du CECR avec de nouveaux descripteurs Pr\u00e9sentation des ressources pour les langues vivantes Enseigner les Langues vivantes\u00a0\u00a0( &#8230;<\/p>\n","protected":false},"author":53,"featured_media":966,"comment_status":"closed","ping_status":"closed","sticky":false,"template":"","format":"standard","meta":{"footnotes":""},"categories":[10],"tags":[45,74,73],"class_list":["post-618","post","type-post","status-publish","format-standard","has-post-thumbnail","hentry","category-espace-numerique","tag-cecrl","tag-conseil-de-leurope","tag-enseigner"],"_links":{"self":[{"href":"https:\/\/ent2d.ac-bordeaux.fr\/disciplines\/langues\/wp-json\/wp\/v2\/posts\/618","targetHints":{"allow":["GET"]}}],"collection":[{"href":"https:\/\/ent2d.ac-bordeaux.fr\/disciplines\/langues\/wp-json\/wp\/v2\/posts"}],"about":[{"href":"https:\/\/ent2d.ac-bordeaux.fr\/disciplines\/langues\/wp-json\/wp\/v2\/types\/post"}],"author":[{"embeddable":true,"href":"https:\/\/ent2d.ac-bordeaux.fr\/disciplines\/langues\/wp-json\/wp\/v2\/users\/53"}],"replies":[{"embeddable":true,"href":"https:\/\/ent2d.ac-bordeaux.fr\/disciplines\/langues\/wp-json\/wp\/v2\/comments?post=618"}],"version-history":[{"count":7,"href":"https:\/\/ent2d.ac-bordeaux.fr\/disciplines\/langues\/wp-json\/wp\/v2\/posts\/618\/revisions"}],"predecessor-version":[{"id":781,"href":"https:\/\/ent2d.ac-bordeaux.fr\/disciplines\/langues\/wp-json\/wp\/v2\/posts\/618\/revisions\/781"}],"wp:featuredmedia":[{"embeddable":true,"href":"https:\/\/ent2d.ac-bordeaux.fr\/disciplines\/langues\/wp-json\/wp\/v2\/media\/966"}],"wp:attachment":[{"href":"https:\/\/ent2d.ac-bordeaux.fr\/disciplines\/langues\/wp-json\/wp\/v2\/media?parent=618"}],"wp:term":[{"taxonomy":"category","embeddable":true,"href":"https:\/\/ent2d.ac-bordeaux.fr\/disciplines\/langues\/wp-json\/wp\/v2\/categories?post=618"},{"taxonomy":"post_tag","embeddable":true,"href":"https:\/\/ent2d.ac-bordeaux.fr\/disciplines\/langues\/wp-json\/wp\/v2\/tags?post=618"}],"curies":[{"name":"wp","href":"https:\/\/api.w.org\/{rel}","templated":true}]}}