{"id":277,"date":"2018-10-09T22:02:10","date_gmt":"2018-10-09T20:02:10","guid":{"rendered":"https:\/\/ent2d.ac-bordeaux.fr\/disciplines\/langues\/?p=277"},"modified":"2018-10-13T19:12:42","modified_gmt":"2018-10-13T17:12:42","slug":"stages-de-perfectionnement-linguistique-ete-2019","status":"publish","type":"post","link":"https:\/\/ent2d.ac-bordeaux.fr\/disciplines\/langues\/2018\/10\/09\/stages-de-perfectionnement-linguistique-ete-2019\/","title":{"rendered":"Stages de perfectionnement linguistique \u00e9t\u00e9 2019"},"content":{"rendered":"<p><a href=\"http:\/\/www.education.gouv.fr\/pid285\/bulletin_officiel.html?cid_bo=132105\" target=\"_blank\" rel=\"noopener\">BOEN de juillet 2018<\/a><\/p>\n<p><strong>Stages de perfectionnement linguistique, p\u00e9dagogique et culturel pour les enseignants du premier et du second degr\u00e9s de l&#8217;enseignement public<\/strong><\/p>\n<p><strong>Dur\u00e9e\u00a0<\/strong>:\u00a0variable selon le stage choisi, entre fin juin et fin ao\u00fbt.<\/p>\n<p><strong>Public concern\u00e9<\/strong>\u00a0:\u00a0enseignants des premier et second degr\u00e9s de l&#8217;enseignement public.<\/p>\n<p><strong>Descriptif du programme<\/strong>\u00a0:\u00a0<a href=\"http:\/\/eduscol.education.fr\/cid52930\/stages-linguistiques-a-l-etranger.html\" target=\"_blank\" rel=\"noopener\">http:\/\/eduscol.education.fr\/cid52930\/stages-linguistiques-a-l-etranger.html<\/a><\/p>\n<p><strong>Op\u00e9rateur\u00a0<\/strong>:\u00a0Centre international d&#8217;\u00e9tudes p\u00e9dagogiques (Ciep), 1 avenue L\u00e9on Journault, 92318 S\u00e8vres Cedex, t\u00e9l\u00e9phone\u00a0: 01 45 07 60 00<\/p>\n<p>&nbsp;<\/p>\n<table>\n<tbody>\n<tr>\n<td style=\"text-align: center\" colspan=\"2\" width=\"707\"><span style=\"color: #ff9900\"><strong>Dates limites<\/strong><\/span><\/td>\n<\/tr>\n<tr>\n<td width=\"157\"><strong>18 octobre 2018<\/strong><\/td>\n<td width=\"550\">Ouverture des inscriptions en ligne\u00a0:\u00a0<a href=\"http:\/\/www.ciep.fr\/stages-perfectionnement-linguistique-pedagogique-culturel\">http:\/\/www.ciep.fr\/stages-perfectionnement-linguistique-pedagogique-culturel<\/a><\/td>\n<\/tr>\n<tr>\n<td style=\"text-align: center\" colspan=\"2\" width=\"707\"><span style=\"color: #99cc00\"><strong>Pour le premier degr\u00e9<\/strong><\/span><\/td>\n<\/tr>\n<tr>\n<td width=\"157\"><strong>14 janvier 2019 \u00e0 minuit (heure de Paris)<\/strong><\/td>\n<td width=\"550\">Date limite des inscriptions en ligne.<\/td>\n<\/tr>\n<tr>\n<td width=\"157\"><strong>28 janvier 2019<\/strong><\/td>\n<td width=\"550\">Apr\u00e8s transmission, par le directeur d&#8217;\u00e9cole, du dossier de candidature \u00e0 l&#8217;inspecteur de l&#8217;\u00e9ducation nationale de la circonscription, transmission par ce dernier des dossiers \u00e0 l&#8217;IA-Dasen.<\/td>\n<\/tr>\n<tr>\n<td width=\"157\"><strong>25 f\u00e9vrier 2019<\/strong><\/td>\n<td width=\"550\">Transmission par voie postale au Ciep par l&#8217;IA-Dasen des dossiers originaux comportant tous les avis hi\u00e9rarchiques et class\u00e9s par ordre de priorit\u00e9.<\/td>\n<\/tr>\n<tr>\n<td style=\"text-align: center\" colspan=\"2\" width=\"707\"><span style=\"color: #666699\"><strong>Pour le second degr\u00e9<\/strong><\/span><\/td>\n<\/tr>\n<tr>\n<td width=\"157\"><strong>14 janvier 2019 \u00e0 minuit\u00a0(heure de Paris)<\/strong><\/td>\n<td width=\"550\">Date limite des inscriptions en ligne.<\/td>\n<\/tr>\n<tr>\n<td width=\"157\"><strong>28 janvier 2019<\/strong><\/td>\n<td width=\"550\"><strong>Apr\u00e8s transmission par le chef d&#8217;\u00e9tablissement du dossier de candidature \u00e0 l&#8217;IA-IPR, transmission par ce dernier \u00e0 la Dareic du rectorat<\/strong>.<\/td>\n<\/tr>\n<tr>\n<td width=\"157\"><strong>25 f\u00e9vrier 2019<\/strong><\/td>\n<td width=\"550\">Transmission par voie postale au Ciep par la Dareic des dossiers papier des candidats comportant tous les avis hi\u00e9rarchiques class\u00e9s par ordre de priorit\u00e9.<\/td>\n<\/tr>\n<tr>\n<td style=\"text-align: left\" colspan=\"2\" width=\"707\"><strong>Informations compl\u00e9mentaires\u00a0:<\/strong><br \/>\n&#8211; un candidat ne peut b\u00e9n\u00e9ficier d&#8217;un stage que tous les trois ans\u00a0;<br \/>\n&#8211; en cas de d\u00e9sistement, adresser un courriel \u00e0 l&#8217;adresse suivante\u00a0:\u00a0<a href=\"mailto:stages-linguistiques@ciep.fr\">stages-linguistiques@ciep.fr<\/a><\/td>\n<\/tr>\n<\/tbody>\n<\/table>\n<p>&nbsp;<\/p>\n","protected":false},"excerpt":{"rendered":"<p>BOEN de juillet 2018 Stages de perfectionnement linguistique, p\u00e9dagogique et culturel pour les enseignants du premier et du second degr\u00e9s de l&#8217;enseignement public Dur\u00e9e\u00a0:\u00a0variable selon le stage choisi, entre fin &#8230;<\/p>\n","protected":false},"author":53,"featured_media":615,"comment_status":"open","ping_status":"open","sticky":false,"template":"","format":"standard","meta":{"footnotes":""},"categories":[8],"tags":[14,13],"class_list":["post-277","post","type-post","status-publish","format-standard","has-post-thumbnail","hentry","category-formation","tag-formation","tag-stages"],"_links":{"self":[{"href":"https:\/\/ent2d.ac-bordeaux.fr\/disciplines\/langues\/wp-json\/wp\/v2\/posts\/277","targetHints":{"allow":["GET"]}}],"collection":[{"href":"https:\/\/ent2d.ac-bordeaux.fr\/disciplines\/langues\/wp-json\/wp\/v2\/posts"}],"about":[{"href":"https:\/\/ent2d.ac-bordeaux.fr\/disciplines\/langues\/wp-json\/wp\/v2\/types\/post"}],"author":[{"embeddable":true,"href":"https:\/\/ent2d.ac-bordeaux.fr\/disciplines\/langues\/wp-json\/wp\/v2\/users\/53"}],"replies":[{"embeddable":true,"href":"https:\/\/ent2d.ac-bordeaux.fr\/disciplines\/langues\/wp-json\/wp\/v2\/comments?post=277"}],"version-history":[{"count":12,"href":"https:\/\/ent2d.ac-bordeaux.fr\/disciplines\/langues\/wp-json\/wp\/v2\/posts\/277\/revisions"}],"predecessor-version":[{"id":760,"href":"https:\/\/ent2d.ac-bordeaux.fr\/disciplines\/langues\/wp-json\/wp\/v2\/posts\/277\/revisions\/760"}],"wp:featuredmedia":[{"embeddable":true,"href":"https:\/\/ent2d.ac-bordeaux.fr\/disciplines\/langues\/wp-json\/wp\/v2\/media\/615"}],"wp:attachment":[{"href":"https:\/\/ent2d.ac-bordeaux.fr\/disciplines\/langues\/wp-json\/wp\/v2\/media?parent=277"}],"wp:term":[{"taxonomy":"category","embeddable":true,"href":"https:\/\/ent2d.ac-bordeaux.fr\/disciplines\/langues\/wp-json\/wp\/v2\/categories?post=277"},{"taxonomy":"post_tag","embeddable":true,"href":"https:\/\/ent2d.ac-bordeaux.fr\/disciplines\/langues\/wp-json\/wp\/v2\/tags?post=277"}],"curies":[{"name":"wp","href":"https:\/\/api.w.org\/{rel}","templated":true}]}}