{"id":2520,"date":"2025-06-02T14:36:32","date_gmt":"2025-06-02T12:36:32","guid":{"rendered":"https:\/\/ent2d.ac-bordeaux.fr\/disciplines\/langues\/?p=2520"},"modified":"2025-09-15T16:48:24","modified_gmt":"2025-09-15T14:48:24","slug":"nouveaux-programmes","status":"publish","type":"post","link":"https:\/\/ent2d.ac-bordeaux.fr\/disciplines\/langues\/2025\/06\/02\/nouveaux-programmes\/","title":{"rendered":"Nouveaux Programmes"},"content":{"rendered":"\n<p>Vous trouverez ici les nouveaux <a href=\"https:\/\/www.education.gouv.fr\/bo\/2025\/Hebdo22\/MENE2504621A\" target=\"_blank\" rel=\"noreferrer noopener\">programmes d&#8217;enseignements communs et optionnels de langues vivantes \u00e9trang\u00e8res pour les classes de coll\u00e8ge et de lyc\u00e9e g\u00e9n\u00e9ral et technologique<\/a><\/p>\n\n\n\n<div style=\"height:35px\" aria-hidden=\"true\" class=\"wp-block-spacer\"><\/div>\n\n\n\n<p><a href=\"https:\/\/www.education.gouv.fr\/sites\/default\/files\/ensel621_annexe1.pdf\" target=\"_blank\" rel=\"noreferrer noopener\">Annexe 1 \u2013 Programme d\u2019allemand pour les classes de coll\u00e8ge<\/a><\/p>\n\n\n\n<p><a href=\"https:\/\/www.education.gouv.fr\/sites\/default\/files\/ensel621_annexe2.pdf\" target=\"_blank\" rel=\"noreferrer noopener\">Annexe 2 \u2013 Programme d\u2019allemand pour les classes de lyc\u00e9e g\u00e9n\u00e9ral et technologique<\/a><\/p>\n\n\n\n<p><a href=\"https:\/\/www.education.gouv.fr\/sites\/default\/files\/ensel621_annexe3.pdf\" target=\"_blank\" rel=\"noreferrer noopener\">Annexe 3 \u2013 Programme d\u2019anglais pour les classes de coll\u00e8ge<\/a><\/p>\n\n\n\n<p><a href=\"https:\/\/www.education.gouv.fr\/sites\/default\/files\/ensel621_annexe4.pdf\" target=\"_blank\" rel=\"noreferrer noopener\">Annexe 4 \u2013 Programme d\u2019anglais pour les classes de lyc\u00e9e g\u00e9n\u00e9ral et technologique<\/a><\/p>\n\n\n\n<p><a href=\"https:\/\/www.education.gouv.fr\/sites\/default\/files\/ensel621_annexe5.pdf\" target=\"_blank\" rel=\"noreferrer noopener\">Annexe 5 \u2013 Programme d\u2019arabe pour les classes de coll\u00e8ge<\/a><\/p>\n\n\n\n<p><a href=\"https:\/\/www.education.gouv.fr\/sites\/default\/files\/ensel621_annexe6.pdf\" target=\"_blank\" rel=\"noreferrer noopener\">Annexe 6 \u2013 Programme d\u2019arabe pour les classes de lyc\u00e9e g\u00e9n\u00e9ral et technologique<\/a><\/p>\n\n\n\n<p><a href=\"https:\/\/www.education.gouv.fr\/sites\/default\/files\/ensel621_annexe7.pdf\" target=\"_blank\" rel=\"noreferrer noopener\">Annexe 7 \u2013 Programme de chinois pour les classes de coll\u00e8ge<\/a><\/p>\n\n\n\n<p><a href=\"https:\/\/www.education.gouv.fr\/sites\/default\/files\/ensel621_annexe8.pdf\" target=\"_blank\" rel=\"noreferrer noopener\">Annexe 8 \u2013 Programme de chinois pour les classes de lyc\u00e9e g\u00e9n\u00e9ral et technologique<\/a><\/p>\n\n\n\n<p><a href=\"https:\/\/www.education.gouv.fr\/sites\/default\/files\/ensel621_annexe9.pdf\" target=\"_blank\" rel=\"noreferrer noopener\">Annexe 9 \u2013 Programme d\u2019espagnol pour les classes de coll\u00e8ge<\/a><\/p>\n\n\n\n<p><a href=\"https:\/\/www.education.gouv.fr\/sites\/default\/files\/ensel621_annexe10.pdf\" target=\"_blank\" rel=\"noreferrer noopener\">Annexe 10 \u2013 Programme d\u2019espagnol pour les classes de lyc\u00e9e g\u00e9n\u00e9ral et technologique<\/a><\/p>\n\n\n\n<p><a href=\"https:\/\/www.education.gouv.fr\/sites\/default\/files\/ensel621_annexe11.pdf\" target=\"_blank\" rel=\"noreferrer noopener\">Annexe 11 \u2013 Programme d\u2019h\u00e9breu pour les classes de coll\u00e8ge<\/a><\/p>\n\n\n\n<p><a href=\"https:\/\/www.education.gouv.fr\/sites\/default\/files\/ensel621_annexe12.pdf\" target=\"_blank\" rel=\"noreferrer noopener\">Annexe 12 \u2013 Programme d\u2019h\u00e9breu pour les classes de lyc\u00e9e g\u00e9n\u00e9ral et technologique<\/a><\/p>\n\n\n\n<p><a href=\"https:\/\/www.education.gouv.fr\/sites\/default\/files\/ensel621_annexe13.pdf\" target=\"_blank\" rel=\"noreferrer noopener\">Annexe 13 \u2013 Programme d\u2019italien pour les classes de coll\u00e8ge<\/a><\/p>\n\n\n\n<p><a href=\"https:\/\/www.education.gouv.fr\/sites\/default\/files\/ensel621_annexe14.pdf\" target=\"_blank\" rel=\"noreferrer noopener\">Annexe 14 \u2013 Programme d\u2019italien pour les classes de lyc\u00e9e g\u00e9n\u00e9ral et technologique<\/a><\/p>\n\n\n\n<p><a href=\"https:\/\/www.education.gouv.fr\/sites\/default\/files\/ensel621_annexe15.pdf\" target=\"_blank\" rel=\"noreferrer noopener\">Annexe 15 \u2013 Programme de japonais pour les classes de coll\u00e8ge<\/a><\/p>\n\n\n\n<p><a href=\"https:\/\/www.education.gouv.fr\/sites\/default\/files\/ensel621_annexe16.pdf\" target=\"_blank\" rel=\"noreferrer noopener\">Annexe 16 \u2013 Programme de japonais pour les classes de lyc\u00e9e g\u00e9n\u00e9ral et technologique<\/a><\/p>\n\n\n\n<p><a href=\"https:\/\/www.education.gouv.fr\/sites\/default\/files\/ensel621_annexe17.pdf\" target=\"_blank\" rel=\"noreferrer noopener\">Annexe 17 \u2013 Programme de n\u00e9erlandais pour les classes de coll\u00e8ge<\/a><\/p>\n\n\n\n<p><a href=\"https:\/\/www.education.gouv.fr\/sites\/default\/files\/ensel621_annexe18.pdf\" target=\"_blank\" rel=\"noreferrer noopener\">Annexe 18 \u2013 Programme de n\u00e9erlandais pour les classes de lyc\u00e9e g\u00e9n\u00e9ral et technologique<\/a><\/p>\n\n\n\n<p><a href=\"https:\/\/www.education.gouv.fr\/sites\/default\/files\/ensel621_annexe19.pdf\" target=\"_blank\" rel=\"noreferrer noopener\">Annexe 19 \u2013 Programme de polonais pour les classes de lyc\u00e9e g\u00e9n\u00e9ral et technologique<\/a><\/p>\n\n\n\n<p><a href=\"https:\/\/www.education.gouv.fr\/sites\/default\/files\/ensel621_annexe20.pdf\" target=\"_blank\" rel=\"noreferrer noopener\">Annexe 20 \u2013 Programme de portugais pour les classes de coll\u00e8ge<\/a><\/p>\n\n\n\n<p><a href=\"https:\/\/www.education.gouv.fr\/sites\/default\/files\/ensel621_annexe21.pdf\" target=\"_blank\" rel=\"noreferrer noopener\">Annexe 21 \u2013 Programme de portugais pour les classes de lyc\u00e9e g\u00e9n\u00e9ral et technologique<\/a><\/p>\n\n\n\n<p><a href=\"https:\/\/www.education.gouv.fr\/sites\/default\/files\/ensel621_annexe22.pdf\" target=\"_blank\" rel=\"noreferrer noopener\">Annexe 22 \u2013 Programme de russe pour les classes de coll\u00e8ge<\/a><\/p>\n\n\n\n<p><a href=\"https:\/\/www.education.gouv.fr\/sites\/default\/files\/ensel621_annexe23.pdf\" target=\"_blank\" rel=\"noreferrer noopener\">Annexe 23 \u2013 Programme de russe pour les classes de lyc\u00e9e g\u00e9n\u00e9ral et technologique<\/a><\/p>\n\n\n\n<p><a href=\"https:\/\/www.education.gouv.fr\/sites\/default\/files\/ensel621_annexe24.pdf\" target=\"_blank\" rel=\"noreferrer noopener\">Annexe 24 \u2013 Programme de langues vivantes pour les classes de coll\u00e8ge \u2013 cadre commun pour les langues \u00e0 faible diffusion<\/a><\/p>\n\n\n\n<p><a href=\"https:\/\/www.education.gouv.fr\/sites\/default\/files\/ensel621_annexe25.pdf\" target=\"_blank\" rel=\"noreferrer noopener\">Annexe 25 \u2013 Programme de langues vivantes pour les classes de lyc\u00e9e g\u00e9n\u00e9ral et technologique \u2013 cadre commun pour les langues \u00e0 faible diffusion<\/a><\/p>\n\n\n\n<div style=\"height:42px\" aria-hidden=\"true\" class=\"wp-block-spacer\"><\/div>\n\n\n\n<p>Les nouveaux programmes d\u2019enseignements communs et optionnels de langues vivantes \u00e9trang\u00e8res pour les classes de coll\u00e8ge et de lyc\u00e9e g\u00e9n\u00e9ral et technologique ont \u00e9t\u00e9 publi\u00e9s au&nbsp;<a href=\"https:\/\/www.education.gouv.fr\/bo\/2025\/Hebdo22\/MENE2504621A\" rel=\"noreferrer noopener\" target=\"_blank\">BO n\u00b022 du 29 mai 2025<\/a><\/p>\n\n\n\n<p>Avec une&nbsp;<strong>application<\/strong>&nbsp;<strong>progressive<\/strong>&nbsp;selon le calendrier suivant&nbsp;:<\/p>\n\n\n\n<p>&#8211; rentr\u00e9e 2025&nbsp;:&nbsp;classes de 6<sup>\u00e8me<\/sup>&nbsp;et de 2<sup>nde<\/sup><\/p>\n\n\n\n<p>&#8211; rentr\u00e9e 2026 : classes de 5<sup>\u00e8me<\/sup>&nbsp;et de cycle terminal<\/p>\n\n\n\n<p>&#8211; rentr\u00e9e 2027 : classes de 4<sup>\u00e8me<\/sup><\/p>\n\n\n\n<p>&#8211;&nbsp;rentr\u00e9e 2028 : classes de 3<sup>\u00e8me<\/sup><\/p>\n\n\n\n<p><strong>Pour la rentr\u00e9e scolaire 2025-2026<\/strong>, les&nbsp;<a href=\"https:\/\/www.education.gouv.fr\/bo\/20\/Hebdo31\/MENE2018714A.htm\" rel=\"noreferrer noopener\" target=\"_blank\">programmes de cycle 4<\/a><\/p>\n\n\n\n<p>&nbsp;et les&nbsp;<a href=\"https:\/\/eduscol.education.fr\/document\/24679\/download\" target=\"_blank\" rel=\"noreferrer noopener\">programmes des classes de premi\u00e8re et terminale<\/a>&nbsp;(BO sp\u00e9cial n\u00b0&nbsp;1 du 22 janvier 2019) sont inchang\u00e9s et restent donc en vigueur pour les&nbsp;<strong>langues vivantes \u00e9trang\u00e8res et r\u00e9gionales<\/strong>.<\/p>\n\n\n\n<p>Ces programmes ont notamment pour ambition l\u2019acquisition de&nbsp;<strong>comp\u00e9tences linguistiques solides<\/strong>, une&nbsp;<strong>compr\u00e9hension culturelle approfondie de l\u2019aire linguistique \u00e9tudi\u00e9e&nbsp;<\/strong>et un&nbsp;<strong>esprit critique affin\u00e9<\/strong>.<\/p>\n\n\n\n<p><strong>Les quelques nouveaut\u00e9s&nbsp;<\/strong>:<\/p>\n\n\n\n<p>&#8211; Un pr\u00e9ambule commun \u00e0 tous les niveaux d\u2019enseignement coll\u00e8ge et lyc\u00e9e ;<\/p>\n\n\n\n<p>&#8211; Des programmes distincts pour chaque aire culturelle et linguistique ;<\/p>\n\n\n\n<p>&#8211; Une progression organis\u00e9e par niveau plut\u00f4t que par cycle pour le coll\u00e8ge ;&nbsp;<\/p>\n\n\n\n<p>&#8211; Des contenus culturels d\u00e9clin\u00e9s en axes et en objets d\u2019\u00e9tude au coll\u00e8ge et au lyc\u00e9e ;<\/p>\n\n\n\n<p>&#8211; La progressivit\u00e9 des attendus linguistiques (grammaire, lexique, phonologie) ;&nbsp;&nbsp;<\/p>\n\n\n\n<p>&#8211; La pr\u00e9sence d\u2019exemples pr\u00e9cis pour guider la mise en \u0153uvre p\u00e9dagogique ;&nbsp;<\/p>\n\n\n\n<p>&#8211; Les activit\u00e9s langagi\u00e8res regroup\u00e9es en 3 cat\u00e9gories : r\u00e9ception, production, interaction\/m\u00e9diation.<\/p>\n\n\n\n<p><strong>Les niveaux du CECRL<\/strong>&nbsp;vis\u00e9s sont en d\u00e9but de programmes, le signe \u00ab + \u00bb indique que le niveau sup\u00e9rieur est atteint dans au moins l\u2019une des activit\u00e9s langagi\u00e8res<\/p>\n\n\n\n<p>Les&nbsp;<strong>axes<\/strong>&nbsp;:<\/p>\n\n\n\n<ul class=\"wp-block-list\">\n<li>en 6<sup>\u00e8me<\/sup>&nbsp;: les&nbsp;<strong>cinq axes doivent \u00eatre \u00e9tudi\u00e9s<\/strong>&nbsp;dans l\u2019ann\u00e9e ;<\/li>\n\n\n\n<li>en 5<sup>\u00e8me<\/sup>, 4<sup>\u00e8me<\/sup>&nbsp;et 3<sup>\u00e8me&nbsp;<\/sup>:&nbsp;<strong>cinq axes parmi les six propos\u00e9s<\/strong>&nbsp;doivent \u00eatre trait\u00e9s pendant l\u2019ann\u00e9e,&nbsp;<strong>dont obligatoirement l\u2019axe 6<\/strong>&nbsp;;<\/li>\n\n\n\n<li>au lyc\u00e9e, dans la&nbsp;<strong>voie g\u00e9n\u00e9rale<\/strong>&nbsp;:&nbsp;<strong>cinq axes<\/strong>&nbsp;<strong>parmi les six propos\u00e9s<\/strong>&nbsp;doivent \u00eatre trait\u00e9s pendant l\u2019ann\u00e9e,&nbsp;<strong>dont obligatoirement l\u2019axe 6<\/strong>&nbsp;;<\/li>\n\n\n\n<li>au lyc\u00e9e, dans la&nbsp;<strong>voie technologique<\/strong>&nbsp;:&nbsp;<strong>au moins trois axes sont \u00e0 traiter pendant l\u2019ann\u00e9e,&nbsp;<\/strong>l\u2019\u00e9tude de l\u2019axe 6 \u00e9tant<strong>&nbsp;vivement recommand\u00e9e<\/strong>&nbsp;; au choix des professeurs et selon ses classes, les autres axes peuvent aussi \u00eatre trait\u00e9s.<\/li>\n<\/ul>\n\n\n\n<p>\u00c0 l\u2019occasion de la publication de ces programmes, les pages \u00e9duscol suivantes ont \u00e9t\u00e9 mises \u00e0 jour&nbsp;:<\/p>\n\n\n\n<p>&#8211;&nbsp;&nbsp;&nbsp;&nbsp;&nbsp;&nbsp;&nbsp;&nbsp;&nbsp;&nbsp;<a href=\"https:\/\/eduscol.education.fr\/2326\/langues-vivantes-etrangeres-et-regionales\" rel=\"noreferrer noopener\" target=\"_blank\">Le<strong>&nbsp;portail disciplinaire<\/strong>&nbsp;\u00e9duscol pour les langues vivantes \u00e9trang\u00e8res et r\u00e9gionales<\/a>, avec une nouvelle structuration et de nouvelles entr\u00e9es. Vous y retrouverez \u00e9galement les derni\u00e8res actualit\u00e9s des langues vivantes \u00e9trang\u00e8res et r\u00e9gionales.<\/p>\n\n\n\n<p>&#8211;&nbsp;&nbsp;&nbsp;&nbsp;&nbsp;&nbsp;&nbsp;&nbsp;&nbsp;&nbsp;<a href=\"https:\/\/eduscol.education.fr\/164\/langues-vivantes-cycles-2-3-et-4\" rel=\"noreferrer noopener\" target=\"_blank\">La page \u00e9duscol sur les&nbsp;<strong>ressources d\u2019accompagnement pour les langues vivantes \u00e9trang\u00e8res et r\u00e9gionales aux cycles 2, 3 et 4<\/strong><\/a>, avec une restructuration des ressources et des entr\u00e9es sp\u00e9cifiques pour le coll\u00e8ge et l\u2019\u00e9cole \u00e9l\u00e9mentaire. Les nouveaux programmes de LVE pour le coll\u00e8ge et leur calendrier de mise en \u0153uvre sont disponibles sur cette page.<\/p>\n\n\n\n<p>&#8211;&nbsp;&nbsp;&nbsp;&nbsp;&nbsp;&nbsp;&nbsp;&nbsp;&nbsp;&nbsp;<a href=\"https:\/\/eduscol.education.fr\/1726\/programmes-et-ressources-en-langues-vivantes-voie-gt\" rel=\"noreferrer noopener\" target=\"_blank\">La page \u00e9duscol concernant les&nbsp;<strong>programmes et ressources en langues vivantes \u2013 voie GT<\/strong><\/a>&nbsp;sur laquelle vous retrouverez \u00e9galement les nouveaux programmes de LVE pour le lyc\u00e9e et leur calendrier de mise en \u0153uvre.<\/p>\n","protected":false},"excerpt":{"rendered":"<p>Vous trouverez ici les nouveaux programmes d&#8217;enseignements communs et optionnels de langues vivantes \u00e9trang\u00e8res pour les classes de coll\u00e8ge et de lyc\u00e9e g\u00e9n\u00e9ral et technologique Annexe 1 \u2013 Programme d\u2019allemand &#8230;<\/p>\n","protected":false},"author":53,"featured_media":2559,"comment_status":"closed","ping_status":"closed","sticky":false,"template":"","format":"standard","meta":{"footnotes":""},"categories":[7],"tags":[],"class_list":["post-2520","post","type-post","status-publish","format-standard","has-post-thumbnail","hentry","category-actualites"],"_links":{"self":[{"href":"https:\/\/ent2d.ac-bordeaux.fr\/disciplines\/langues\/wp-json\/wp\/v2\/posts\/2520","targetHints":{"allow":["GET"]}}],"collection":[{"href":"https:\/\/ent2d.ac-bordeaux.fr\/disciplines\/langues\/wp-json\/wp\/v2\/posts"}],"about":[{"href":"https:\/\/ent2d.ac-bordeaux.fr\/disciplines\/langues\/wp-json\/wp\/v2\/types\/post"}],"author":[{"embeddable":true,"href":"https:\/\/ent2d.ac-bordeaux.fr\/disciplines\/langues\/wp-json\/wp\/v2\/users\/53"}],"replies":[{"embeddable":true,"href":"https:\/\/ent2d.ac-bordeaux.fr\/disciplines\/langues\/wp-json\/wp\/v2\/comments?post=2520"}],"version-history":[{"count":3,"href":"https:\/\/ent2d.ac-bordeaux.fr\/disciplines\/langues\/wp-json\/wp\/v2\/posts\/2520\/revisions"}],"predecessor-version":[{"id":2525,"href":"https:\/\/ent2d.ac-bordeaux.fr\/disciplines\/langues\/wp-json\/wp\/v2\/posts\/2520\/revisions\/2525"}],"wp:featuredmedia":[{"embeddable":true,"href":"https:\/\/ent2d.ac-bordeaux.fr\/disciplines\/langues\/wp-json\/wp\/v2\/media\/2559"}],"wp:attachment":[{"href":"https:\/\/ent2d.ac-bordeaux.fr\/disciplines\/langues\/wp-json\/wp\/v2\/media?parent=2520"}],"wp:term":[{"taxonomy":"category","embeddable":true,"href":"https:\/\/ent2d.ac-bordeaux.fr\/disciplines\/langues\/wp-json\/wp\/v2\/categories?post=2520"},{"taxonomy":"post_tag","embeddable":true,"href":"https:\/\/ent2d.ac-bordeaux.fr\/disciplines\/langues\/wp-json\/wp\/v2\/tags?post=2520"}],"curies":[{"name":"wp","href":"https:\/\/api.w.org\/{rel}","templated":true}]}}