{"id":2483,"date":"2024-11-25T17:04:50","date_gmt":"2024-11-25T16:04:50","guid":{"rendered":"https:\/\/ent2d.ac-bordeaux.fr\/disciplines\/langues\/?p=2483"},"modified":"2024-11-25T17:04:50","modified_gmt":"2024-11-25T16:04:50","slug":"educarte","status":"publish","type":"post","link":"https:\/\/ent2d.ac-bordeaux.fr\/disciplines\/langues\/2024\/11\/25\/educarte\/","title":{"rendered":"Educ&#8217;ARTE"},"content":{"rendered":"<iframe loading=\"lazy\" src=\"https:\/\/www.youtube.com\/embed\/Kb4o5ZAORrA?si=pyxylxtSBJUwBXAA\" title=\"\" width=\"560\" height=\"315\" scrolling=\"yes\" frameborder=\"0\" marginheight=\"0\" allowFullScreen=\"true\"><a href=\"https:\/\/www.youtube.com\/embed\/Kb4o5ZAORrA?si=pyxylxtSBJUwBXAA\" target=\"_blank\">https:\/\/www.youtube.com\/embed\/Kb4o5ZAORrA?si=pyxylxtSBJUwBXAA<\/a><\/iframe>\n\n\n\n<p><\/p>\n\n\n\n<p>Les lyc\u00e9es de votre r\u00e9gion sont abonn\u00e9s \u00e0\u00a0<a href=\"https:\/\/educ.arte.tv\/\" target=\"_blank\" rel=\"noreferrer noopener\">Educ&#8217;ARTE<\/a>, la ressource multilingue d&#8217;ARTE pour l&#8217;enseignement secondaire.\u00a0<\/p>\n\n\n\n<p>Nous proposons des documentaires et courts-m\u00e9trages en&nbsp;<strong>5 langues (fran\u00e7ais, allemand, anglais, espagnol, italien)<\/strong>&nbsp;et des fonctionnalit\u00e9s particuli\u00e8rement utiles pour l&#8217;enseignement des langues vivantes (<strong>transcription interactive, d\u00e9coupe et annotation d&#8217;extraits, variation de la vitesse de lecture, int\u00e9gration dans Moodle\/ELEA<\/strong>).&nbsp;<\/p>\n\n\n\n<p>Nous couvrons les programmes de&nbsp;<strong>toutes les fili\u00e8res&nbsp;<\/strong>(g\u00e9n\u00e9rales, technologiques, professionnelles, agricoles), des&nbsp;<strong>sp\u00e9cialit\u00e9s&nbsp;<\/strong>(ex : LLCER, Monde contemporain) et des sections<strong>&nbsp;europ\u00e9ennes ou internationales&nbsp;<\/strong>(Litt\u00e9rature, Histoire, Sciences\/ DNL).<\/p>\n\n\n\n<p>Nous organisons du 18 au 28 novembre des webinaires de pr\u00e9sentation dans chaque langue. Vous trouverez ci-dessous les liens d&#8217;inscription :&nbsp;<\/p>\n\n\n\n<p>&#8211;&nbsp;<a href=\"https:\/\/educarte.clickmeeting.com\/webinaire-disciplinaire-allemand\/register\" target=\"_blank\" rel=\"noreferrer noopener\">Enseigner l&#8217;allemand avec Educ&#8217;ARTE le 18 novembre de 12h15 \u00e0 13h<\/a><\/p>\n\n\n\n<p>&#8211;&nbsp;<a href=\"https:\/\/educarte.clickmeeting.com\/webinaire-disciplinaire-anglais\/register\" target=\"_blank\" rel=\"noreferrer noopener\">Enseigner l&#8217;anglais avec Educ&#8217;ARTE le 18 novembre de 17h30 \u00e0 18h15<\/a><\/p>\n\n\n\n<p>&#8211;&nbsp;<a href=\"https:\/\/educarte.clickmeeting.com\/webinaire-disciplinaire-espagnol\/register\" target=\"_blank\" rel=\"noreferrer noopener\">Enseigner l&#8217;espagnol avec Educ&#8217;ARTE le 26 novembre de 17h30 \u00e0 18h15<\/a><\/p>\n\n\n\n<p>&#8211;&nbsp;<a href=\"https:\/\/educarte.clickmeeting.com\/webinaire-disciplinaire-italien\/register\" target=\"_blank\" rel=\"noreferrer noopener\">Enseigner l&#8217;italien avec Educ&#8217;ARTE le 28 novembre de 12h15 \u00e0 13h<\/a><\/p>\n\n\n\n<p>Pourriez-vous s&#8217;il vous pla\u00eet communiquer sur ces webinaires ? Tous les enseignants sont les bienvenus, abonn\u00e9s ou non.<\/p>\n\n\n\n<p>Vous \u00eates \u00e9galement les bienvenus. Si vous souhaitez en savoir plus, nous pouvons \u00e9galement&nbsp;<a href=\"https:\/\/meetings.hubspot.com\/emmanuel-dereau?uuid=48cb8dec-b21f-45e2-a100-118c7968735d\" target=\"_blank\" rel=\"noreferrer noopener\">prendre rendez-vous<\/a>.<\/p>\n\n\n\n<p>Pour un aper\u00e7u rapide de la ressource, les enseignants peuvent :&nbsp;<\/p>\n\n\n\n<p>&#8211; Visionner notre&nbsp;<a href=\"https:\/\/www.youtube.com\/watch?v=Kb4o5ZAORrA&amp;list=PLsKz9d8Owcfew3MTaN-gttcqVusLvQ42b&amp;index=1\" rel=\"noreferrer noopener\" target=\"_blank\">vid\u00e9o de pr\u00e9sentation<\/a><a href=\"https:\/\/www.youtube.com\/watch?v=Kb4o5ZAORrA&amp;list=PLsKz9d8Owcfew3MTaN-gttcqVusLvQ42b&amp;index=1\" rel=\"noreferrer noopener\" target=\"_blank\"><\/a><\/p>\n\n\n\n<p>&#8211; D\u00e9couvrir&nbsp;<a href=\"https:\/\/drive.google.com\/file\/d\/194Qh3NkxGgdXW8j33fOk06X9-qaSUl7R\/view\" rel=\"noreferrer noopener\" target=\"_blank\">les&nbsp;incontournables&nbsp;par mati\u00e8res<\/a><\/p>\n","protected":false},"excerpt":{"rendered":"<p>Les lyc\u00e9es de votre r\u00e9gion sont abonn\u00e9s \u00e0\u00a0Educ&#8217;ARTE, la ressource multilingue d&#8217;ARTE pour l&#8217;enseignement secondaire.\u00a0 Nous proposons des documentaires et courts-m\u00e9trages en&nbsp;5 langues (fran\u00e7ais, allemand, anglais, espagnol, italien)&nbsp;et des fonctionnalit\u00e9s &#8230;<\/p>\n","protected":false},"author":53,"featured_media":2488,"comment_status":"closed","ping_status":"closed","sticky":false,"template":"","format":"standard","meta":{"footnotes":""},"categories":[10],"tags":[],"class_list":["post-2483","post","type-post","status-publish","format-standard","has-post-thumbnail","hentry","category-espace-numerique"],"_links":{"self":[{"href":"https:\/\/ent2d.ac-bordeaux.fr\/disciplines\/langues\/wp-json\/wp\/v2\/posts\/2483","targetHints":{"allow":["GET"]}}],"collection":[{"href":"https:\/\/ent2d.ac-bordeaux.fr\/disciplines\/langues\/wp-json\/wp\/v2\/posts"}],"about":[{"href":"https:\/\/ent2d.ac-bordeaux.fr\/disciplines\/langues\/wp-json\/wp\/v2\/types\/post"}],"author":[{"embeddable":true,"href":"https:\/\/ent2d.ac-bordeaux.fr\/disciplines\/langues\/wp-json\/wp\/v2\/users\/53"}],"replies":[{"embeddable":true,"href":"https:\/\/ent2d.ac-bordeaux.fr\/disciplines\/langues\/wp-json\/wp\/v2\/comments?post=2483"}],"version-history":[{"count":4,"href":"https:\/\/ent2d.ac-bordeaux.fr\/disciplines\/langues\/wp-json\/wp\/v2\/posts\/2483\/revisions"}],"predecessor-version":[{"id":2487,"href":"https:\/\/ent2d.ac-bordeaux.fr\/disciplines\/langues\/wp-json\/wp\/v2\/posts\/2483\/revisions\/2487"}],"wp:featuredmedia":[{"embeddable":true,"href":"https:\/\/ent2d.ac-bordeaux.fr\/disciplines\/langues\/wp-json\/wp\/v2\/media\/2488"}],"wp:attachment":[{"href":"https:\/\/ent2d.ac-bordeaux.fr\/disciplines\/langues\/wp-json\/wp\/v2\/media?parent=2483"}],"wp:term":[{"taxonomy":"category","embeddable":true,"href":"https:\/\/ent2d.ac-bordeaux.fr\/disciplines\/langues\/wp-json\/wp\/v2\/categories?post=2483"},{"taxonomy":"post_tag","embeddable":true,"href":"https:\/\/ent2d.ac-bordeaux.fr\/disciplines\/langues\/wp-json\/wp\/v2\/tags?post=2483"}],"curies":[{"name":"wp","href":"https:\/\/api.w.org\/{rel}","templated":true}]}}