{"id":2421,"date":"2024-09-12T17:51:07","date_gmt":"2024-09-12T15:51:07","guid":{"rendered":"https:\/\/ent2d.ac-bordeaux.fr\/disciplines\/langues\/?p=2421"},"modified":"2024-09-12T20:35:35","modified_gmt":"2024-09-12T18:35:35","slug":"lettre-de-rentree-langues-vivantes-etrangeres-et-regionales-2024","status":"publish","type":"post","link":"https:\/\/ent2d.ac-bordeaux.fr\/disciplines\/langues\/2024\/09\/12\/lettre-de-rentree-langues-vivantes-etrangeres-et-regionales-2024\/","title":{"rendered":"Lettre de rentr\u00e9e langues vivantes \u00e9trang\u00e8res et r\u00e9gionales &#8211; 2024"},"content":{"rendered":"\n<p>Bordeaux, le 12 septembre 2024<\/p>\n\n\n\n<p><em>Les inspecteurs de langues vivantes \u00e0 Mesdames et messieurs les professeurs de langues vivantes \u00e9trang\u00e8res et r\u00e9gionales<\/em><\/p>\n\n\n\n<p>Ch\u00e8res et chers coll\u00e8gues,<\/p>\n\n\n\n<p>Nous avons le plaisir de souhaiter la bienvenue \u00e0 tous les nouveaux professeurs de notre acad\u00e9mie. Nous f\u00e9licitons chaleureusement les laur\u00e9ates et laur\u00e9ats des concours et accueillons avec enthousiasme les professeurs contractuels ainsi que les \u00e9tudiants en alternance qui nous rejoignent cette ann\u00e9e. Nous sommes \u00e9galement ravis de retrouver les professeurs titulaires et contractuels d\u00e9j\u00e0 en poste dans l\u2019acad\u00e9mie.<\/p>\n\n\n\n<p>Nous tenons \u00e0 vous exprimer notre profonde reconnaissance pour votre engagement et votre d\u00e9vouement constants. Votre travail aupr\u00e8s des \u00e9l\u00e8ves de l\u2019acad\u00e9mie est pr\u00e9cieux et nous vous remercions pour les efforts que vous d\u00e9ployez chaque jour. Votre contribution est essentielle pour offrir \u00e0 nos \u00e9l\u00e8ves les meilleures conditions d\u2019apprentissage et les accompagner vers la r\u00e9ussite.<\/p>\n\n\n\n<p>Nous tenons \u00e0 exprimer notre gratitude aux enseignants tuteurs pour leur pr\u00e9cieuse contribution. Leur exp\u00e9rience et leur expertise sont essentielles pour guider les nouveaux coll\u00e8gues dans leurs premiers pas. Leur accueil chaleureux, leur disponibilit\u00e9 et leurs conseils avis\u00e9s sont inestimables pour les professeurs d\u00e9butants. Nous remercions \u00e9galement les professeurs formateurs et les conseillers p\u00e9dagogiques pour leur engagement. Gr\u00e2ce \u00e0 leur d\u00e9vouement, ils participent au d\u00e9veloppement des comp\u00e9tences professionnelles de tous les enseignants, au b\u00e9n\u00e9fice de nos \u00e9l\u00e8ves.<\/p>\n\n\n\n<p>En cette rentr\u00e9e qui voit s\u2019achever les Jeux Olympiques et Paralympiques de Paris 2024, nous souhaitons souligner les valeurs de respect, d\u2019excellence et de solidarit\u00e9 que vous transmettez \u00e0 travers l\u2019apprentissage des langues. Ces valeurs sont au c\u0153ur de notre mission \u00e9ducative et contribuent \u00e0 former des citoyens ouverts sur le monde, capables de comprendre et d\u2019appr\u00e9cier la diversit\u00e9 culturelle.<\/p>\n\n\n\n<p>L\u2019apprentissage des langues vivantes ne se limite pas \u00e0 la ma\u00eetrise de comp\u00e9tences linguistiques. Il s\u2019agit \u00e9galement d\u2019une ouverture \u00e0 la culture et \u00e0 la diversit\u00e9. En enseignant les langues, vous permettez \u00e0 nos \u00e9l\u00e8ves de d\u00e9couvrir de nouvelles perspectives, de d\u00e9velopper leur esprit critique et de s\u2019enrichir personnellement. La culture est un vecteur essentiel de compr\u00e9hension et de tol\u00e9rance, et votre r\u00f4le est crucial pour transmettre ces valeurs.<\/p>\n\n\n\n<p>Le portail interlangues (<a href=\"https:\/\/ent2d.ac-bordeaux.fr\/disciplines\/langues\/\" target=\"_blank\" rel=\"noreferrer noopener\">https:\/\/ent2d.ac-bordeaux.fr\/disciplines\/langues\/<\/a>) reste \u00e0 votre disposition : vous y trouverez l\u2019essentiel des informations nationales et acad\u00e9miques. Il a aussi vocation \u00e0 promouvoir, soutenir, partager et diffuser vos projets : n\u2019h\u00e9sitez pas \u00e0 faire parvenir \u00e0 nos webmestres vos travaux.<\/p>\n\n\n\n<p>Vos inspectrices et inspecteurs restent \u00e0 vos c\u00f4t\u00e9s pour r\u00e9pondre \u00e0 vos interrogations, vous conseiller et faciliter le d\u00e9veloppement d\u2019une expertise partag\u00e9e sur les questions p\u00e9dagogiques. Nous vous souhaitons une excellente ann\u00e9e scolaire, riche en projets et en r\u00e9ussites.<\/p>\n\n\n\n<p>Excellente rentr\u00e9e \u00e0 toutes et \u00e0 tous.<\/p>\n\n\n\n<div style=\"height:17px\" aria-hidden=\"true\" class=\"wp-block-spacer\"><\/div>\n\n\n\n<p><a href=\"https:\/\/ent2d.ac-bordeaux.fr\/disciplines\/langues\/wp-content\/uploads\/sites\/61\/2024\/09\/LETTRE_RENTREE_-LV-R2024_PUBLIC.pdf\" target=\"_blank\" rel=\"noreferrer noopener\">La lettre de rentr\u00e9e langues vivantes \u00e9trang\u00e8res et r\u00e9gionales + Annexes<\/a><\/p>\n\n\n\n<p>Annexes :<\/p>\n\n\n\n<p>LE PLAN LANGUES VIVANTES<\/p>\n\n\n\n<p>LE TEST DE POSITIONNEMENT EVALANG 2024<\/p>\n\n\n\n<p>LYCEE GENERAL ET TECHNOLOGIQUE<\/p>\n\n\n\n<p>FORMATION<\/p>\n\n\n\n<p>ASSISTANTS ETRANGERS<\/p>\n\n\n\n<p><\/p>\n","protected":false},"excerpt":{"rendered":"<p>Bordeaux, le 12 septembre 2024 Les inspecteurs de langues vivantes \u00e0 Mesdames et messieurs les professeurs de langues vivantes \u00e9trang\u00e8res et r\u00e9gionales Ch\u00e8res et chers coll\u00e8gues, Nous avons le plaisir &#8230;<\/p>\n","protected":false},"author":53,"featured_media":2427,"comment_status":"closed","ping_status":"closed","sticky":false,"template":"","format":"standard","meta":{"footnotes":""},"categories":[7],"tags":[],"class_list":["post-2421","post","type-post","status-publish","format-standard","has-post-thumbnail","hentry","category-actualites"],"_links":{"self":[{"href":"https:\/\/ent2d.ac-bordeaux.fr\/disciplines\/langues\/wp-json\/wp\/v2\/posts\/2421","targetHints":{"allow":["GET"]}}],"collection":[{"href":"https:\/\/ent2d.ac-bordeaux.fr\/disciplines\/langues\/wp-json\/wp\/v2\/posts"}],"about":[{"href":"https:\/\/ent2d.ac-bordeaux.fr\/disciplines\/langues\/wp-json\/wp\/v2\/types\/post"}],"author":[{"embeddable":true,"href":"https:\/\/ent2d.ac-bordeaux.fr\/disciplines\/langues\/wp-json\/wp\/v2\/users\/53"}],"replies":[{"embeddable":true,"href":"https:\/\/ent2d.ac-bordeaux.fr\/disciplines\/langues\/wp-json\/wp\/v2\/comments?post=2421"}],"version-history":[{"count":3,"href":"https:\/\/ent2d.ac-bordeaux.fr\/disciplines\/langues\/wp-json\/wp\/v2\/posts\/2421\/revisions"}],"predecessor-version":[{"id":2426,"href":"https:\/\/ent2d.ac-bordeaux.fr\/disciplines\/langues\/wp-json\/wp\/v2\/posts\/2421\/revisions\/2426"}],"wp:featuredmedia":[{"embeddable":true,"href":"https:\/\/ent2d.ac-bordeaux.fr\/disciplines\/langues\/wp-json\/wp\/v2\/media\/2427"}],"wp:attachment":[{"href":"https:\/\/ent2d.ac-bordeaux.fr\/disciplines\/langues\/wp-json\/wp\/v2\/media?parent=2421"}],"wp:term":[{"taxonomy":"category","embeddable":true,"href":"https:\/\/ent2d.ac-bordeaux.fr\/disciplines\/langues\/wp-json\/wp\/v2\/categories?post=2421"},{"taxonomy":"post_tag","embeddable":true,"href":"https:\/\/ent2d.ac-bordeaux.fr\/disciplines\/langues\/wp-json\/wp\/v2\/tags?post=2421"}],"curies":[{"name":"wp","href":"https:\/\/api.w.org\/{rel}","templated":true}]}}