{"id":1877,"date":"2023-02-27T15:39:00","date_gmt":"2023-02-27T14:39:00","guid":{"rendered":"https:\/\/ent2d.ac-bordeaux.fr\/disciplines\/langues\/?p=1877"},"modified":"2023-03-23T13:20:05","modified_gmt":"2023-03-23T12:20:05","slug":"concours-anglais-college-the-more-i-say","status":"publish","type":"post","link":"https:\/\/ent2d.ac-bordeaux.fr\/disciplines\/langues\/2023\/02\/27\/concours-anglais-college-the-more-i-say\/","title":{"rendered":"Concours anglais coll\u00e8ge \u00abThe more I say\u00bb"},"content":{"rendered":"\n<p>En marge de la huiti\u00e8me \u00e9dition de la semaine des langues, du lundi 27 mars au samedi 1er avril 2023, et sur le mod\u00e8le du concours \u00ab Dis-moi dix mots \u00bb, le minist\u00e8re propose&nbsp; le lancement d\u2019<strong>un concours de production linguistique en anglais<\/strong>, \u00e0 la fois ludique et vecteur d\u2019excellence, pour encourager une pratique cr\u00e9ative et exigeante de cette langue au coll\u00e8ge.<br><br>Ce concours anglais s\u2019intitule : \u00ab <strong>The more I say<\/strong> \u00bb et s&#8217;adresse \u00e0 toutes les classes de la 6\u00e8me \u00e0 la 3\u00e8me, LV1 et LV2.&nbsp;<\/p>\n\n\n\n<p><br>Les productions attendues s\u2019inscrivent dans la th\u00e9matique de l\u2019\u00e9dition 2023 de la semaine des langues : \u00ab L\u2019important c\u2019est de communiquer ! \u00bb. Ces productions, orales et\/ou \u00e9crites, r\u00e9pondront aux crit\u00e8res suivants :<br>&#8211; richesse de la langue et qualit\u00e9 linguistique<br>&#8211; pertinence culturelle<br>&#8211; engagement des \u00e9l\u00e8ves<br>&#8211; originalit\u00e9 de la production en coh\u00e9rence avec la th\u00e9matique<\/p>\n\n\n\n<p><br>Vous trouverez en pi\u00e8ces jointes : le cahier des charges ainsi que les autorisations de captation pour mineur et majeur.<\/p>\n\n\n\n<p><br>Nous encourageons les enseignants \u00e0 prendre part \u00e0 ce concours en langue anglaise et \u00e0 nous transmettre les productions de leurs \u00e9l\u00e8ves qui viendront t\u00e9moigner de leur engagement et leur go\u00fbt pour la culture anglophone.<br><br>Quatre projets seront s\u00e9lectionn\u00e9s pour l&#8217;acad\u00e9mie de Bordeaux pour transmission \u00e0 la DGESCO qui s\u00e9lectionnera 4 laur\u00e9ats nationaux. L&#8217;annonce des r\u00e9sultats se fera avant les vacances scolaires d&#8217;\u00e9t\u00e9 et les prix seront remis lors d&#8217;une c\u00e9r\u00e9monie nationale organis\u00e9e par le minist\u00e8re.<\/p>\n\n\n\n<div style=\"height:30px\" aria-hidden=\"true\" class=\"wp-block-spacer\"><\/div>\n\n\n\n<p><strong>Pi\u00e8ces jointes : <\/strong><\/p>\n\n\n\n<p><a rel=\"noreferrer noopener\" href=\"https:\/\/ent2d.ac-bordeaux.fr\/disciplines\/langues\/wp-content\/uploads\/sites\/61\/2023\/02\/Concours_anglais_2023_cahier_des_charges.pdf\" target=\"_blank\">Concours anglais coll\u00e8ge \u00ab The more I say \u00bb Cahier des charges<\/a> <\/p>\n\n\n\n<p><em>A renvoyer avec la production :<\/em><\/p>\n\n\n\n<p><a rel=\"noreferrer noopener\" href=\"https:\/\/ent2d.ac-bordeaux.fr\/disciplines\/langues\/wp-content\/uploads\/sites\/61\/2023\/02\/ANNEXE-2-Concours_anglais_2023.pdf\" target=\"_blank\">Annexe 2 <\/a> <\/p>\n\n\n\n<p><a href=\"https:\/\/ent2d.ac-bordeaux.fr\/disciplines\/langues\/wp-content\/uploads\/sites\/61\/2023\/02\/Autorisation-captation-utilisation-image-voix-majeur.pdf\" target=\"_blank\" rel=\"noreferrer noopener\">Autorisation d\u2019enregistrement et d\u2019utilisation de l\u2019image\/la voix d\u2019une personne majeure<\/a><\/p>\n\n\n\n<p><a rel=\"noreferrer noopener\" href=\"https:\/\/ent2d.ac-bordeaux.fr\/disciplines\/langues\/wp-content\/uploads\/sites\/61\/2023\/02\/Autorisation-captation-utilisation-image-voix-mineur.pdf\" target=\"_blank\">Autorisation parentale d\u2019enregistrement et d\u2019utilisation de l\u2019image\/la voix d\u2019une personne mineure<\/a><\/p>\n\n\n\n<div style=\"height:33px\" aria-hidden=\"true\" class=\"wp-block-spacer\"><\/div>\n\n\n\n<p><strong>Proc\u00e9dure pour envoyer les fichiers via FileSender :<\/strong><\/p>\n\n\n\n<p>Merci de bien vouloir envoyer votre fichier (productions et documents)  via file sender par <a rel=\"noreferrer noopener\" href=\"https:\/\/portailrh.ac-bordeaux.fr\/login\/ct_logon_mixte.jsp?CT_ORIG_URL=%2Farena%2Fpages%2Faccueill.jsf\" target=\"_blank\">arena<\/a> pour le <strong>17 mai 2023<\/strong> : <a href=\"https:\/\/portailrh.ac-bordeaux.fr\/login\/ct_logon_mixte.jsp?CT_ORIG_URL=%2Farena%2Fpages%2Faccueill.jsf\" target=\"_blank\" rel=\"noreferrer noopener\">Cliquez ici pour acc\u00e9der \u00e0 vos applications<\/a> <\/p>\n\n\n\n<p>Connexion avec vos identifiants acad\u00e9miques <\/p>\n\n\n\n<p>Puis aller dans Intranet, R\u00e9f\u00e9rentiels et Outils\/ Outils d\u2019\u00e9changes \/ transfert de fichiers volumineux. <\/p>\n\n\n\n<p>Dans FILESENDER, vous d\u00e9poserez votre fichier et transf\u00e8rerez le lien \u00e0 l&#8217;inspectrice en charge de votre secteur.   <\/p>\n\n\n\n<p><a rel=\"noreferrer noopener\" href=\"https:\/\/youtu.be\/Lb1nmpHgM3M\" target=\"_blank\">Cliquez ici pour voir un  tutoriel File Sender<\/a> <\/p>\n\n\n\n<p> <\/p>\n","protected":false},"excerpt":{"rendered":"<p>En marge de la huiti\u00e8me \u00e9dition de la semaine des langues, du lundi 27 mars au samedi 1er avril 2023, et sur le mod\u00e8le du concours \u00ab Dis-moi dix mots &#8230;<\/p>\n","protected":false},"author":53,"featured_media":1889,"comment_status":"closed","ping_status":"closed","sticky":false,"template":"","format":"standard","meta":{"footnotes":""},"categories":[7],"tags":[],"class_list":["post-1877","post","type-post","status-publish","format-standard","has-post-thumbnail","hentry","category-actualites"],"_links":{"self":[{"href":"https:\/\/ent2d.ac-bordeaux.fr\/disciplines\/langues\/wp-json\/wp\/v2\/posts\/1877","targetHints":{"allow":["GET"]}}],"collection":[{"href":"https:\/\/ent2d.ac-bordeaux.fr\/disciplines\/langues\/wp-json\/wp\/v2\/posts"}],"about":[{"href":"https:\/\/ent2d.ac-bordeaux.fr\/disciplines\/langues\/wp-json\/wp\/v2\/types\/post"}],"author":[{"embeddable":true,"href":"https:\/\/ent2d.ac-bordeaux.fr\/disciplines\/langues\/wp-json\/wp\/v2\/users\/53"}],"replies":[{"embeddable":true,"href":"https:\/\/ent2d.ac-bordeaux.fr\/disciplines\/langues\/wp-json\/wp\/v2\/comments?post=1877"}],"version-history":[{"count":8,"href":"https:\/\/ent2d.ac-bordeaux.fr\/disciplines\/langues\/wp-json\/wp\/v2\/posts\/1877\/revisions"}],"predecessor-version":[{"id":1937,"href":"https:\/\/ent2d.ac-bordeaux.fr\/disciplines\/langues\/wp-json\/wp\/v2\/posts\/1877\/revisions\/1937"}],"wp:featuredmedia":[{"embeddable":true,"href":"https:\/\/ent2d.ac-bordeaux.fr\/disciplines\/langues\/wp-json\/wp\/v2\/media\/1889"}],"wp:attachment":[{"href":"https:\/\/ent2d.ac-bordeaux.fr\/disciplines\/langues\/wp-json\/wp\/v2\/media?parent=1877"}],"wp:term":[{"taxonomy":"category","embeddable":true,"href":"https:\/\/ent2d.ac-bordeaux.fr\/disciplines\/langues\/wp-json\/wp\/v2\/categories?post=1877"},{"taxonomy":"post_tag","embeddable":true,"href":"https:\/\/ent2d.ac-bordeaux.fr\/disciplines\/langues\/wp-json\/wp\/v2\/tags?post=1877"}],"curies":[{"name":"wp","href":"https:\/\/api.w.org\/{rel}","templated":true}]}}