{"id":1840,"date":"2023-01-13T13:00:19","date_gmt":"2023-01-13T12:00:19","guid":{"rendered":"https:\/\/ent2d.ac-bordeaux.fr\/disciplines\/langues\/?p=1840"},"modified":"2023-01-13T13:20:12","modified_gmt":"2023-01-13T12:20:12","slug":"baccalaureat-2023-attestation-de-langues","status":"publish","type":"post","link":"https:\/\/ent2d.ac-bordeaux.fr\/disciplines\/langues\/2023\/01\/13\/baccalaureat-2023-attestation-de-langues\/","title":{"rendered":"Baccalaur\u00e9at 2023 : Attestation de langues"},"content":{"rendered":"\n<p>Arr\u00eat\u00e9 du 3 novembre 2020 relatif \u00e0 la d\u00e9livrance d&#8217;une attestation de langues vivantes \u00e0 la fin du cycle terminal \u00e0 compter de la session 2021 du baccalaur\u00e9at g\u00e9n\u00e9ral et technologique &#8211; <a href=\"https:\/\/www.legifrance.gouv.fr\/loda\/id\/JORFTEXT000042494837\/2023-01-04\/\" target=\"_blank\" rel=\"noreferrer noopener\">Version en vigueur au 04 janvier 2023<\/a><\/p>\n","protected":false},"excerpt":{"rendered":"<p>Arr\u00eat\u00e9 du 3 novembre 2020 relatif \u00e0 la d\u00e9livrance d&#8217;une attestation de langues vivantes \u00e0 la fin du cycle terminal \u00e0 compter de la session 2021 du baccalaur\u00e9at g\u00e9n\u00e9ral et &#8230;<\/p>\n","protected":false},"author":53,"featured_media":1841,"comment_status":"closed","ping_status":"closed","sticky":false,"template":"","format":"standard","meta":{"footnotes":""},"categories":[7],"tags":[96],"class_list":["post-1840","post","type-post","status-publish","format-standard","has-post-thumbnail","hentry","category-actualites","tag-baccalaureat"],"_links":{"self":[{"href":"https:\/\/ent2d.ac-bordeaux.fr\/disciplines\/langues\/wp-json\/wp\/v2\/posts\/1840","targetHints":{"allow":["GET"]}}],"collection":[{"href":"https:\/\/ent2d.ac-bordeaux.fr\/disciplines\/langues\/wp-json\/wp\/v2\/posts"}],"about":[{"href":"https:\/\/ent2d.ac-bordeaux.fr\/disciplines\/langues\/wp-json\/wp\/v2\/types\/post"}],"author":[{"embeddable":true,"href":"https:\/\/ent2d.ac-bordeaux.fr\/disciplines\/langues\/wp-json\/wp\/v2\/users\/53"}],"replies":[{"embeddable":true,"href":"https:\/\/ent2d.ac-bordeaux.fr\/disciplines\/langues\/wp-json\/wp\/v2\/comments?post=1840"}],"version-history":[{"count":1,"href":"https:\/\/ent2d.ac-bordeaux.fr\/disciplines\/langues\/wp-json\/wp\/v2\/posts\/1840\/revisions"}],"predecessor-version":[{"id":1842,"href":"https:\/\/ent2d.ac-bordeaux.fr\/disciplines\/langues\/wp-json\/wp\/v2\/posts\/1840\/revisions\/1842"}],"wp:featuredmedia":[{"embeddable":true,"href":"https:\/\/ent2d.ac-bordeaux.fr\/disciplines\/langues\/wp-json\/wp\/v2\/media\/1841"}],"wp:attachment":[{"href":"https:\/\/ent2d.ac-bordeaux.fr\/disciplines\/langues\/wp-json\/wp\/v2\/media?parent=1840"}],"wp:term":[{"taxonomy":"category","embeddable":true,"href":"https:\/\/ent2d.ac-bordeaux.fr\/disciplines\/langues\/wp-json\/wp\/v2\/categories?post=1840"},{"taxonomy":"post_tag","embeddable":true,"href":"https:\/\/ent2d.ac-bordeaux.fr\/disciplines\/langues\/wp-json\/wp\/v2\/tags?post=1840"}],"curies":[{"name":"wp","href":"https:\/\/api.w.org\/{rel}","templated":true}]}}