{"id":1837,"date":"2023-01-13T12:55:26","date_gmt":"2023-01-13T11:55:26","guid":{"rendered":"https:\/\/ent2d.ac-bordeaux.fr\/disciplines\/langues\/?p=1837"},"modified":"2023-01-13T13:20:37","modified_gmt":"2023-01-13T12:20:37","slug":"reperes-annuels-de-progression-et-attendus-de-fin-dannee-du-cp-a-la-3e","status":"publish","type":"post","link":"https:\/\/ent2d.ac-bordeaux.fr\/disciplines\/langues\/2023\/01\/13\/reperes-annuels-de-progression-et-attendus-de-fin-dannee-du-cp-a-la-3e\/","title":{"rendered":"Rep\u00e8res annuels de progression et attendus de fin d&#8217;ann\u00e9e du CP \u00e0 la 3e"},"content":{"rendered":"\n<p>Les rep\u00e8res annuels de progression et les attendus de fin d&#8217;ann\u00e9e doivent permettre aux \u00e9quipes p\u00e9dagogiques de mener un enseignement rigoureux, explicite et progressif \u00e0 l\u2019\u00e9cole \u00e9l\u00e9mentaire et au coll\u00e8ge. Ils apportent une aide aux professeurs pour mieux organiser leur ann\u00e9e et garantir une v\u00e9ritable progression des apprentissages.<\/p>\n\n\n\n<ul class=\"wp-block-list\"><li>Des outils pour organiser la progression<\/li><li>Des outils pour fixer les objectifs d\u2019apprentissage<\/li><li>Acc\u00e8s aux rep\u00e8res annuels de progression et aux attendus de fin d&#8217;ann\u00e9e<\/li><\/ul>\n\n\n\n<p>Pour en savoir plus, <a href=\"https:\/\/eduscol.education.fr\/137\/reperes-annuels-de-progression-et-attendus-de-fin-d-annee-du-cp-la-3e\" target=\"_blank\" rel=\"noreferrer noopener\">cliquez ici<\/a><\/p>\n","protected":false},"excerpt":{"rendered":"<p>Les rep\u00e8res annuels de progression et les attendus de fin d&#8217;ann\u00e9e doivent permettre aux \u00e9quipes p\u00e9dagogiques de mener un enseignement rigoureux, explicite et progressif \u00e0 l\u2019\u00e9cole \u00e9l\u00e9mentaire et au coll\u00e8ge. &#8230;<\/p>\n","protected":false},"author":53,"featured_media":1838,"comment_status":"closed","ping_status":"closed","sticky":false,"template":"","format":"standard","meta":{"footnotes":""},"categories":[7],"tags":[98,97],"class_list":["post-1837","post","type-post","status-publish","format-standard","has-post-thumbnail","hentry","category-actualites","tag-attendus","tag-reperes"],"_links":{"self":[{"href":"https:\/\/ent2d.ac-bordeaux.fr\/disciplines\/langues\/wp-json\/wp\/v2\/posts\/1837","targetHints":{"allow":["GET"]}}],"collection":[{"href":"https:\/\/ent2d.ac-bordeaux.fr\/disciplines\/langues\/wp-json\/wp\/v2\/posts"}],"about":[{"href":"https:\/\/ent2d.ac-bordeaux.fr\/disciplines\/langues\/wp-json\/wp\/v2\/types\/post"}],"author":[{"embeddable":true,"href":"https:\/\/ent2d.ac-bordeaux.fr\/disciplines\/langues\/wp-json\/wp\/v2\/users\/53"}],"replies":[{"embeddable":true,"href":"https:\/\/ent2d.ac-bordeaux.fr\/disciplines\/langues\/wp-json\/wp\/v2\/comments?post=1837"}],"version-history":[{"count":1,"href":"https:\/\/ent2d.ac-bordeaux.fr\/disciplines\/langues\/wp-json\/wp\/v2\/posts\/1837\/revisions"}],"predecessor-version":[{"id":1839,"href":"https:\/\/ent2d.ac-bordeaux.fr\/disciplines\/langues\/wp-json\/wp\/v2\/posts\/1837\/revisions\/1839"}],"wp:featuredmedia":[{"embeddable":true,"href":"https:\/\/ent2d.ac-bordeaux.fr\/disciplines\/langues\/wp-json\/wp\/v2\/media\/1838"}],"wp:attachment":[{"href":"https:\/\/ent2d.ac-bordeaux.fr\/disciplines\/langues\/wp-json\/wp\/v2\/media?parent=1837"}],"wp:term":[{"taxonomy":"category","embeddable":true,"href":"https:\/\/ent2d.ac-bordeaux.fr\/disciplines\/langues\/wp-json\/wp\/v2\/categories?post=1837"},{"taxonomy":"post_tag","embeddable":true,"href":"https:\/\/ent2d.ac-bordeaux.fr\/disciplines\/langues\/wp-json\/wp\/v2\/tags?post=1837"}],"curies":[{"name":"wp","href":"https:\/\/api.w.org\/{rel}","templated":true}]}}