{"id":1806,"date":"2022-10-19T09:58:38","date_gmt":"2022-10-19T07:58:38","guid":{"rendered":"https:\/\/ent2d.ac-bordeaux.fr\/disciplines\/langues\/?p=1806"},"modified":"2023-01-13T13:21:18","modified_gmt":"2023-01-13T12:21:18","slug":"lettre-aux-professeurs-llcer-programmes-resserres","status":"publish","type":"post","link":"https:\/\/ent2d.ac-bordeaux.fr\/disciplines\/langues\/2022\/10\/19\/lettre-aux-professeurs-llcer-programmes-resserres\/","title":{"rendered":"Lettre aux professeurs LLCER &#8211; Programmes Resserr\u00e9s"},"content":{"rendered":"\n<p><a rel=\"noreferrer noopener\" href=\"https:\/\/ent2d.ac-bordeaux.fr\/disciplines\/langues\/wp-content\/uploads\/sites\/61\/2022\/10\/Lettre-aux-professeurs-LLCER-programmes-resserres.pdf\" target=\"_blank\">Lettre des  IA-IPR de LVER de l\u2019Acad\u00e9mie de Bordeaux<\/a>  (<em>lien pour t\u00e9l\u00e9charger la lettre<\/em>)<\/p>\n\n\n\n<div style=\"height:10px\" aria-hidden=\"true\" class=\"wp-block-spacer\"><\/div>\n\n\n\n<p><em><u>Destinataires<\/u><\/em><em> : &nbsp;professeurs de LLCER de lyc\u00e9e GT.<\/em><\/p>\n\n\n\n<p><em><u>Objet<\/u><\/em><em> : &nbsp;programme resserr\u00e9 en LLCER et attestation de langues vivantes en terminale<\/em><\/p>\n\n\n\n<p><em>Ch\u00e8res et chers coll\u00e8gues,<\/em><\/p>\n\n\n\n<p><em>Suite \u00e0 la publication des \u00ab programmes resserr\u00e9s \u00bb dans le BOEN du 30 septembre 2022 (<\/em><a href=\"https:\/\/www.education.gouv.fr\/bo\/22\/Hebdo36\/MENE2227884N.htm\"><em>https:\/\/www.education.gouv.fr\/bo\/22\/Hebdo36\/MENE2227884N.htm<\/em><\/a><em> ), puis de visioconf\u00e9rences avec l\u2019inspection g\u00e9n\u00e9rale, nous vous apportons ci-apr\u00e8s quelques pr\u00e9cisions sur l\u2019esprit de ces programmes resserr\u00e9s en LLCER et quelques consignes pour la suite.<\/em><\/p>\n\n\n\n<p><em><br>Le &#8220;programme resserr\u00e9&#8221; est valable pour l\u2019int\u00e9gralit\u00e9 de l\u2019\u00e9preuve terminale de LLCER, soit la partie (1) \u00e9crite <u>et<\/u> pour la partie (2) orale.<\/em><\/p>\n\n\n\n<p><em>Les candidats aux \u00e9preuves de LLCER (y compris LLCER AMC) seront bien \u00e9valu\u00e9s sur <u>les th\u00e9matiques<\/u> et non sur les axes. Ainsi,<\/em><\/p>\n\n\n\n<p><em>&#8211; <u>A l\u2019\u00e9crit<\/u> : les sujets sont bien r\u00e9f\u00e9r\u00e9s aux th\u00e9matiques, et non aux axes.<br>Le candidat a le choix entre deux sujets portant sur deux th\u00e9matiques diff\u00e9rentes.<\/em><\/p>\n\n\n\n<p><em>&#8211; <u>A l\u2019oral<\/u> : le texte du BO du 30 juillet 2020, <\/em><a href=\"https:\/\/www.education.gouv.fr\/bo\/20\/Special7\/MENE2019311N.htm\"><em>https:\/\/www.education.gouv.fr\/bo\/20\/Special7\/MENE2019311N.htm<\/em><\/a><em>, modifi\u00e9 par la note de service du 13 juillet 2021, <\/em><a href=\"https:\/\/www.education.gouv.fr\/bo\/21\/Hebdo30\/MENE2121272N.htm\"><em>https:\/\/www.education.gouv.fr\/bo\/21\/Hebdo30\/MENE2121272N.htm<\/em><\/a><em> , pr\u00e9cise que \u00ab le dossier est (\u2026) en lien avec <u>une ou plusieurs th\u00e9matiques<\/u> du programme du <u>cycle<\/u> <u>terminal&nbsp;\u00bb<\/u>.<\/em><\/p>\n\n\n\n<p><em><br>Le resserrement des programmes permet aussi de souligner la porosit\u00e9 entre les axes qui peuvent tous \u00eatre abord\u00e9s de mani\u00e8re crois\u00e9e.<\/em><\/p>\n\n\n\n<p><em>L\u2019esprit du \u00ab resserrement \u00bb des programmes par les axes permet de r\u00e9duire le champ d\u2019\u00e9tude, <u>si les professeurs le souhaitent<\/u>. Il ne prive bien s\u00fbr pas les professeurs de travailler au-del\u00e0 des axes conserv\u00e9s dans le &#8220;programme resserr\u00e9&#8221;, notamment dans le cadre de la pr\u00e9paration \u00e0 la poursuite d&#8217;\u00e9tudes.<br><br>Enfin, concernant les \u0153uvres au programme limitatif de LLCER : <u>le resserrement ne porte pas sur les \u0153uvres au programme<\/u>. Ainsi, pour la partie orale de l\u2019\u00e9preuve terminale, les candidats restent \u00e9valuables sur les \u0153uvres du programme limitatif (le dossier de LLCER comprend \u00ab <u>au moins une des \u0153uvres int\u00e9grales \u00e9tudi\u00e9es<\/u> au cours du cycle terminal (\u0153uvre mat\u00e9rialis\u00e9e par un extrait ou une illustration).<\/em><\/p>\n\n\n\n<p><em>Les IA-IPR de LVER de l\u2019Acad\u00e9mie de Bordeaux.<\/em><\/p>\n","protected":false},"excerpt":{"rendered":"<p>Lettre des IA-IPR de LVER de l\u2019Acad\u00e9mie de Bordeaux (lien pour t\u00e9l\u00e9charger la lettre) Destinataires : &nbsp;professeurs de LLCER de lyc\u00e9e GT. Objet : &nbsp;programme resserr\u00e9 en LLCER et attestation &#8230;<\/p>\n","protected":false},"author":53,"featured_media":1808,"comment_status":"closed","ping_status":"closed","sticky":false,"template":"","format":"standard","meta":{"footnotes":""},"categories":[7],"tags":[100],"class_list":["post-1806","post","type-post","status-publish","format-standard","has-post-thumbnail","hentry","category-actualites","tag-llcer"],"_links":{"self":[{"href":"https:\/\/ent2d.ac-bordeaux.fr\/disciplines\/langues\/wp-json\/wp\/v2\/posts\/1806","targetHints":{"allow":["GET"]}}],"collection":[{"href":"https:\/\/ent2d.ac-bordeaux.fr\/disciplines\/langues\/wp-json\/wp\/v2\/posts"}],"about":[{"href":"https:\/\/ent2d.ac-bordeaux.fr\/disciplines\/langues\/wp-json\/wp\/v2\/types\/post"}],"author":[{"embeddable":true,"href":"https:\/\/ent2d.ac-bordeaux.fr\/disciplines\/langues\/wp-json\/wp\/v2\/users\/53"}],"replies":[{"embeddable":true,"href":"https:\/\/ent2d.ac-bordeaux.fr\/disciplines\/langues\/wp-json\/wp\/v2\/comments?post=1806"}],"version-history":[{"count":6,"href":"https:\/\/ent2d.ac-bordeaux.fr\/disciplines\/langues\/wp-json\/wp\/v2\/posts\/1806\/revisions"}],"predecessor-version":[{"id":1815,"href":"https:\/\/ent2d.ac-bordeaux.fr\/disciplines\/langues\/wp-json\/wp\/v2\/posts\/1806\/revisions\/1815"}],"wp:featuredmedia":[{"embeddable":true,"href":"https:\/\/ent2d.ac-bordeaux.fr\/disciplines\/langues\/wp-json\/wp\/v2\/media\/1808"}],"wp:attachment":[{"href":"https:\/\/ent2d.ac-bordeaux.fr\/disciplines\/langues\/wp-json\/wp\/v2\/media?parent=1806"}],"wp:term":[{"taxonomy":"category","embeddable":true,"href":"https:\/\/ent2d.ac-bordeaux.fr\/disciplines\/langues\/wp-json\/wp\/v2\/categories?post=1806"},{"taxonomy":"post_tag","embeddable":true,"href":"https:\/\/ent2d.ac-bordeaux.fr\/disciplines\/langues\/wp-json\/wp\/v2\/tags?post=1806"}],"curies":[{"name":"wp","href":"https:\/\/api.w.org\/{rel}","templated":true}]}}