{"id":1667,"date":"2021-10-07T19:06:53","date_gmt":"2021-10-07T17:06:53","guid":{"rendered":"https:\/\/ent2d.ac-bordeaux.fr\/disciplines\/langues\/?p=1667"},"modified":"2021-10-11T13:13:30","modified_gmt":"2021-10-11T11:13:30","slug":"journee-daccueil-et-de-formation-des-assistants-etrangers-de-langues-vivantes-a-dax","status":"publish","type":"post","link":"https:\/\/ent2d.ac-bordeaux.fr\/disciplines\/langues\/2021\/10\/07\/journee-daccueil-et-de-formation-des-assistants-etrangers-de-langues-vivantes-a-dax\/","title":{"rendered":"Journ\u00e9e d&#8217;Accueil et de Formation des Assistants Etrangers de Langues Vivantes \u00e0 Dax"},"content":{"rendered":"\n<p><em>En pr\u00e9sence de M. Bruno Brevet &#8211; Directeur Acad\u00e9mique des Services de l&#8217;Education Nationale des Landes, Mme Sylvie Baudequin &#8211; IA-IPR d&#8217;espagnol, &nbsp;Mme Sophie Stratakis &#8211; IEN en charge des LVE, &nbsp;Mme Caroline B\u00e9nomard &#8211; Conseill\u00e8re p\u00e9dagogique LVE, Mme Nadine Cast\u00e9ra &#8211; Professeur d&#8217;espagnol et formatrice, M. Alexandre Denutte &#8211; Professeur d&#8217;anglais et formateur et les assistant(e)s de langue anglaise et de langue espagnol qui exerceront cette ann\u00e9e dans des \u00e9coles, des coll\u00e8ges et des lyc\u00e9es des Landes.<\/em> <em>Journ\u00e9e organis\u00e9e par Mme Sue Galand &#8211; IA-IPR d&#8217;anglais &#8211; Responsable p\u00e9dagogique du programme de mobilit\u00e9 des assistants \u00e9trangers.<\/em><\/p>\n\n\n\n<p>Ce mercredi 6 octobre 2021, M. Bruno Brevet, Directeur Acad\u00e9mique des Services de l&#8217;Education Nationale des Landes a ouvert cette journ\u00e9e d&#8217;accueil et de formation \u00e0 Dax. M. Brevet a souhait\u00e9 la bienvenue aux assistants \u00e9trangers de langues vivantes dans le d\u00e9partement des landes qu&#8217;il a pr\u00e9sent\u00e9. Il a soulign\u00e9 l\u2019exp\u00e9rience unique et enrichissante que cette ann\u00e9e sera pour les \u00e9l\u00e8ves et les assistant(e)s.<\/p>\n\n\n\n<p>La journ\u00e9e s&#8217;est poursuivie par une pr\u00e9sentation du syst\u00e8me \u00e9ducatif et des d\u00e9marches administratives \u00e0 accomplir \u00e0 l&#8217;arriv\u00e9e en France, des informations pratiques et administratives, une information et une aide de la MGEN pour les d\u00e9marches relatives \u00e0 la s\u00e9curit\u00e9 sociale. Apr\u00e8s le repas, les assistant(e)s ont particip\u00e9 \u00e0 des ateliers de formation destin\u00e9s \u00e0 transmettre quels outils p\u00e9dagogiques et \u00e0 r\u00e9pondre \u00e0 leurs interrogations.<\/p>\n\n\n\n<p>Ci-dessous une pr\u00e9sentation de la formation propos\u00e9e aux assistant(e)s de langue anglaise : <\/p>\n\n\n<iframe loading=\"lazy\" src=\"https:\/\/www.genial.ly\/View\/Index\/613224551158810de7808bf2\" title=\"\" width=\"100%\" height=\"450\" scrolling=\"yes\" frameborder=\"0\" marginheight=\"0\" allowFullScreen=\"true\"><a href=\"https:\/\/www.genial.ly\/View\/Index\/613224551158810de7808bf2\" target=\"_blank\">https:\/\/www.genial.ly\/View\/Index\/613224551158810de7808bf2<\/a><\/iframe>\n\n\n\n<p><\/p>\n\n\n\n<div style=\"height:33px\" aria-hidden=\"true\" class=\"wp-block-spacer\"><\/div>\n\n\n\n<p>Une <strong><span class=\"has-inline-color has-luminous-vivid-orange-color\">formation en ligne gratuite<\/span><\/strong> de 3 heures est propos\u00e9e aux assistants par France Education International. Pour en savoir plus, <a href=\"https:\/\/plus.france-education-international.fr\/local\/course_offer\/coursedetails.php?id=4293\" target=\"_blank\" rel=\"noreferrer noopener\"><strong>cliquez ici<\/strong><\/a>.<\/p>\n\n\n\n<div style=\"height:55px\" aria-hidden=\"true\" class=\"wp-block-spacer\"><\/div>\n\n\n\n<figure class=\"wp-block-image size-large\"><img loading=\"lazy\" decoding=\"async\" width=\"1024\" height=\"576\" src=\"https:\/\/ent2d.ac-bordeaux.fr\/disciplines\/langues\/wp-content\/uploads\/sites\/61\/2021\/10\/PXL_20211006_074001434b.jpg\" alt=\"\" class=\"wp-image-1664\" srcset=\"https:\/\/ent2d.ac-bordeaux.fr\/disciplines\/langues\/wp-content\/uploads\/sites\/61\/2021\/10\/PXL_20211006_074001434b.jpg 1024w, https:\/\/ent2d.ac-bordeaux.fr\/disciplines\/langues\/wp-content\/uploads\/sites\/61\/2021\/10\/PXL_20211006_074001434b-300x169.jpg 300w, https:\/\/ent2d.ac-bordeaux.fr\/disciplines\/langues\/wp-content\/uploads\/sites\/61\/2021\/10\/PXL_20211006_074001434b-768x432.jpg 768w, https:\/\/ent2d.ac-bordeaux.fr\/disciplines\/langues\/wp-content\/uploads\/sites\/61\/2021\/10\/PXL_20211006_074001434b-1536x864.jpg 1536w, https:\/\/ent2d.ac-bordeaux.fr\/disciplines\/langues\/wp-content\/uploads\/sites\/61\/2021\/10\/PXL_20211006_074001434b-2048x1152.jpg 2048w\" sizes=\"auto, (max-width: 1024px) 100vw, 1024px\" \/><figcaption><em>Mme Baudequin, M. Brevet, Mme Stratakis, Mme B\u00e9nomard<\/em><\/figcaption><\/figure>\n\n\n\n<div style=\"height:48px\" aria-hidden=\"true\" class=\"wp-block-spacer\"><\/div>\n\n\n\n<figure class=\"wp-block-image size-large\"><img loading=\"lazy\" decoding=\"async\" width=\"1024\" height=\"576\" src=\"https:\/\/ent2d.ac-bordeaux.fr\/disciplines\/langues\/wp-content\/uploads\/sites\/61\/2021\/10\/PXL_20211006_074027502b-scaled.jpg\" alt=\"\" class=\"wp-image-1666\" srcset=\"https:\/\/ent2d.ac-bordeaux.fr\/disciplines\/langues\/wp-content\/uploads\/sites\/61\/2021\/10\/PXL_20211006_074027502b-scaled.jpg 1024w, https:\/\/ent2d.ac-bordeaux.fr\/disciplines\/langues\/wp-content\/uploads\/sites\/61\/2021\/10\/PXL_20211006_074027502b-300x169.jpg 300w, https:\/\/ent2d.ac-bordeaux.fr\/disciplines\/langues\/wp-content\/uploads\/sites\/61\/2021\/10\/PXL_20211006_074027502b-768x432.jpg 768w, https:\/\/ent2d.ac-bordeaux.fr\/disciplines\/langues\/wp-content\/uploads\/sites\/61\/2021\/10\/PXL_20211006_074027502b-1536x864.jpg 1536w, https:\/\/ent2d.ac-bordeaux.fr\/disciplines\/langues\/wp-content\/uploads\/sites\/61\/2021\/10\/PXL_20211006_074027502b-2048x1152.jpg 2048w\" sizes=\"auto, (max-width: 1024px) 100vw, 1024px\" \/><figcaption><em>Les Asssistant(e)s de Langues Vivantes<\/em><\/figcaption><\/figure>\n","protected":false},"excerpt":{"rendered":"<p>En pr\u00e9sence de M. Bruno Brevet &#8211; Directeur Acad\u00e9mique des Services de l&#8217;Education Nationale des Landes, Mme Sylvie Baudequin &#8211; IA-IPR d&#8217;espagnol, &nbsp;Mme Sophie Stratakis &#8211; IEN en charge des &#8230;<\/p>\n","protected":false},"author":53,"featured_media":1665,"comment_status":"closed","ping_status":"closed","sticky":false,"template":"","format":"standard","meta":{"footnotes":""},"categories":[7],"tags":[15,14,95],"class_list":["post-1667","post","type-post","status-publish","format-standard","has-post-thumbnail","hentry","category-actualites","tag-assistants","tag-formation","tag-genially"],"_links":{"self":[{"href":"https:\/\/ent2d.ac-bordeaux.fr\/disciplines\/langues\/wp-json\/wp\/v2\/posts\/1667","targetHints":{"allow":["GET"]}}],"collection":[{"href":"https:\/\/ent2d.ac-bordeaux.fr\/disciplines\/langues\/wp-json\/wp\/v2\/posts"}],"about":[{"href":"https:\/\/ent2d.ac-bordeaux.fr\/disciplines\/langues\/wp-json\/wp\/v2\/types\/post"}],"author":[{"embeddable":true,"href":"https:\/\/ent2d.ac-bordeaux.fr\/disciplines\/langues\/wp-json\/wp\/v2\/users\/53"}],"replies":[{"embeddable":true,"href":"https:\/\/ent2d.ac-bordeaux.fr\/disciplines\/langues\/wp-json\/wp\/v2\/comments?post=1667"}],"version-history":[{"count":18,"href":"https:\/\/ent2d.ac-bordeaux.fr\/disciplines\/langues\/wp-json\/wp\/v2\/posts\/1667\/revisions"}],"predecessor-version":[{"id":1689,"href":"https:\/\/ent2d.ac-bordeaux.fr\/disciplines\/langues\/wp-json\/wp\/v2\/posts\/1667\/revisions\/1689"}],"wp:featuredmedia":[{"embeddable":true,"href":"https:\/\/ent2d.ac-bordeaux.fr\/disciplines\/langues\/wp-json\/wp\/v2\/media\/1665"}],"wp:attachment":[{"href":"https:\/\/ent2d.ac-bordeaux.fr\/disciplines\/langues\/wp-json\/wp\/v2\/media?parent=1667"}],"wp:term":[{"taxonomy":"category","embeddable":true,"href":"https:\/\/ent2d.ac-bordeaux.fr\/disciplines\/langues\/wp-json\/wp\/v2\/categories?post=1667"},{"taxonomy":"post_tag","embeddable":true,"href":"https:\/\/ent2d.ac-bordeaux.fr\/disciplines\/langues\/wp-json\/wp\/v2\/tags?post=1667"}],"curies":[{"name":"wp","href":"https:\/\/api.w.org\/{rel}","templated":true}]}}