{"id":1582,"date":"2021-07-02T06:52:27","date_gmt":"2021-07-02T04:52:27","guid":{"rendered":"https:\/\/ent2d.ac-bordeaux.fr\/disciplines\/langues\/?p=1582"},"modified":"2021-07-02T06:52:27","modified_gmt":"2021-07-02T04:52:27","slug":"une-campagne-contre-le-harcelement-en-section-bilangue","status":"publish","type":"post","link":"https:\/\/ent2d.ac-bordeaux.fr\/disciplines\/langues\/2021\/07\/02\/une-campagne-contre-le-harcelement-en-section-bilangue\/","title":{"rendered":"Une campagne contre le harc\u00e8lement en section bilangue"},"content":{"rendered":"\n<p>Mme Marie-Pierre Labrande du Coll\u00e8ge du Vic Bilh, Lembeye vient\u00a0 de r\u00e9aliser un clip vid\u00e9o avec ses 3emes Bilangue. La t\u00e2che consistait \u00e0 \u00e9crire, puis enregistrer un po\u00e8me dans lequel un harceleur regrette ses actes, suite \u00e0 la lecture du po\u00e8me de sa victime qui exprime ce qu&#8217;elle ressent. Une des \u00e9l\u00e8ves de la classe a \u00e9crit un texte de qualit\u00e9. Mme Labrande a\u00a0 propos\u00e9 \u00e0 des volontaires de donner une voix \u00e0 ce po\u00e8me. <a rel=\"noreferrer noopener\" href=\"https:\/\/tinyurl.com\/Clip3emeBIL4Clementine\" target=\"_blank\">Cliquez ici pour voir le r\u00e9sultat<\/a>. <\/p>\n\n\n\n<p><\/p>\n","protected":false},"excerpt":{"rendered":"<p>Mme Marie-Pierre Labrande du Coll\u00e8ge du Vic Bilh, Lembeye vient\u00a0 de r\u00e9aliser un clip vid\u00e9o avec ses 3emes Bilangue. La t\u00e2che consistait \u00e0 \u00e9crire, puis enregistrer un po\u00e8me dans lequel &#8230;<\/p>\n","protected":false},"author":53,"featured_media":1584,"comment_status":"closed","ping_status":"closed","sticky":false,"template":"","format":"standard","meta":{"footnotes":""},"categories":[7],"tags":[93],"class_list":["post-1582","post","type-post","status-publish","format-standard","has-post-thumbnail","hentry","category-actualites","tag-pedagogie"],"_links":{"self":[{"href":"https:\/\/ent2d.ac-bordeaux.fr\/disciplines\/langues\/wp-json\/wp\/v2\/posts\/1582","targetHints":{"allow":["GET"]}}],"collection":[{"href":"https:\/\/ent2d.ac-bordeaux.fr\/disciplines\/langues\/wp-json\/wp\/v2\/posts"}],"about":[{"href":"https:\/\/ent2d.ac-bordeaux.fr\/disciplines\/langues\/wp-json\/wp\/v2\/types\/post"}],"author":[{"embeddable":true,"href":"https:\/\/ent2d.ac-bordeaux.fr\/disciplines\/langues\/wp-json\/wp\/v2\/users\/53"}],"replies":[{"embeddable":true,"href":"https:\/\/ent2d.ac-bordeaux.fr\/disciplines\/langues\/wp-json\/wp\/v2\/comments?post=1582"}],"version-history":[{"count":2,"href":"https:\/\/ent2d.ac-bordeaux.fr\/disciplines\/langues\/wp-json\/wp\/v2\/posts\/1582\/revisions"}],"predecessor-version":[{"id":1585,"href":"https:\/\/ent2d.ac-bordeaux.fr\/disciplines\/langues\/wp-json\/wp\/v2\/posts\/1582\/revisions\/1585"}],"wp:featuredmedia":[{"embeddable":true,"href":"https:\/\/ent2d.ac-bordeaux.fr\/disciplines\/langues\/wp-json\/wp\/v2\/media\/1584"}],"wp:attachment":[{"href":"https:\/\/ent2d.ac-bordeaux.fr\/disciplines\/langues\/wp-json\/wp\/v2\/media?parent=1582"}],"wp:term":[{"taxonomy":"category","embeddable":true,"href":"https:\/\/ent2d.ac-bordeaux.fr\/disciplines\/langues\/wp-json\/wp\/v2\/categories?post=1582"},{"taxonomy":"post_tag","embeddable":true,"href":"https:\/\/ent2d.ac-bordeaux.fr\/disciplines\/langues\/wp-json\/wp\/v2\/tags?post=1582"}],"curies":[{"name":"wp","href":"https:\/\/api.w.org\/{rel}","templated":true}]}}