{"id":1571,"date":"2021-06-22T09:34:33","date_gmt":"2021-06-22T07:34:33","guid":{"rendered":"https:\/\/ent2d.ac-bordeaux.fr\/disciplines\/langues\/?p=1571"},"modified":"2021-06-22T09:34:33","modified_gmt":"2021-06-22T07:34:33","slug":"un-geste-pour-locean","status":"publish","type":"post","link":"https:\/\/ent2d.ac-bordeaux.fr\/disciplines\/langues\/2021\/06\/22\/un-geste-pour-locean\/","title":{"rendered":"Un geste pour l&#8217;oc\u00e9an"},"content":{"rendered":"\n<p>A l\u2019occasion de <strong>la Journ\u00e9e mondiale des oc\u00e9ans<\/strong> , l\u2019Ambassade des Etats-Unis d\u2019Am\u00e9rique en France a organis\u00e9 le challenge \u201c<strong>1 geste pour l\u2019oc\u00e9an<\/strong>\u201d auquel des \u00e9l\u00e8ves du lyc\u00e9e Haroun Tazieff de Saint Paul Les Dax (40) ont particip\u00e9.<\/p>\n\n\n\n<p>Pour en savoir plus, <a href=\"https:\/\/ent2d.ac-bordeaux.fr\/disciplines\/langues\/wp-content\/uploads\/sites\/61\/2021\/06\/un-geste-pour-loc\u00e9an_Haroun-Tazieff.pdf\" target=\"_blank\" rel=\"noreferrer noopener\">cliquez-ici<\/a>.<\/p>\n\n\n\n<p><\/p>\n","protected":false},"excerpt":{"rendered":"<p>A l\u2019occasion de la Journ\u00e9e mondiale des oc\u00e9ans , l\u2019Ambassade des Etats-Unis d\u2019Am\u00e9rique en France a organis\u00e9 le challenge \u201c1 geste pour l\u2019oc\u00e9an\u201d auquel des \u00e9l\u00e8ves du lyc\u00e9e Haroun Tazieff &#8230;<\/p>\n","protected":false},"author":53,"featured_media":1573,"comment_status":"closed","ping_status":"closed","sticky":false,"template":"","format":"standard","meta":{"footnotes":""},"categories":[7],"tags":[88,87],"class_list":["post-1571","post","type-post","status-publish","format-standard","has-post-thumbnail","hentry","category-actualites","tag-challenge","tag-environnement"],"_links":{"self":[{"href":"https:\/\/ent2d.ac-bordeaux.fr\/disciplines\/langues\/wp-json\/wp\/v2\/posts\/1571","targetHints":{"allow":["GET"]}}],"collection":[{"href":"https:\/\/ent2d.ac-bordeaux.fr\/disciplines\/langues\/wp-json\/wp\/v2\/posts"}],"about":[{"href":"https:\/\/ent2d.ac-bordeaux.fr\/disciplines\/langues\/wp-json\/wp\/v2\/types\/post"}],"author":[{"embeddable":true,"href":"https:\/\/ent2d.ac-bordeaux.fr\/disciplines\/langues\/wp-json\/wp\/v2\/users\/53"}],"replies":[{"embeddable":true,"href":"https:\/\/ent2d.ac-bordeaux.fr\/disciplines\/langues\/wp-json\/wp\/v2\/comments?post=1571"}],"version-history":[{"count":3,"href":"https:\/\/ent2d.ac-bordeaux.fr\/disciplines\/langues\/wp-json\/wp\/v2\/posts\/1571\/revisions"}],"predecessor-version":[{"id":1576,"href":"https:\/\/ent2d.ac-bordeaux.fr\/disciplines\/langues\/wp-json\/wp\/v2\/posts\/1571\/revisions\/1576"}],"wp:featuredmedia":[{"embeddable":true,"href":"https:\/\/ent2d.ac-bordeaux.fr\/disciplines\/langues\/wp-json\/wp\/v2\/media\/1573"}],"wp:attachment":[{"href":"https:\/\/ent2d.ac-bordeaux.fr\/disciplines\/langues\/wp-json\/wp\/v2\/media?parent=1571"}],"wp:term":[{"taxonomy":"category","embeddable":true,"href":"https:\/\/ent2d.ac-bordeaux.fr\/disciplines\/langues\/wp-json\/wp\/v2\/categories?post=1571"},{"taxonomy":"post_tag","embeddable":true,"href":"https:\/\/ent2d.ac-bordeaux.fr\/disciplines\/langues\/wp-json\/wp\/v2\/tags?post=1571"}],"curies":[{"name":"wp","href":"https:\/\/api.w.org\/{rel}","templated":true}]}}