{"id":1511,"date":"2021-02-26T17:00:51","date_gmt":"2021-02-26T16:00:51","guid":{"rendered":"https:\/\/ent2d.ac-bordeaux.fr\/disciplines\/langues\/?p=1511"},"modified":"2021-06-24T14:04:38","modified_gmt":"2021-06-24T12:04:38","slug":"semaine-des-langues-vivantes","status":"publish","type":"post","link":"https:\/\/ent2d.ac-bordeaux.fr\/disciplines\/langues\/2021\/02\/26\/semaine-des-langues-vivantes\/","title":{"rendered":"Semaine des langues vivantes"},"content":{"rendered":"\n<p>La sixi\u00e8me \u00e9dition nationale de la \u00ab <strong><a href=\"https:\/\/eduscol.education.fr\/1688\/semaine-des-langues-vivantes\" target=\"_blank\" rel=\"noreferrer noopener\">Semaine des langues<\/a><\/strong> \u00bb se d\u00e9roulera <strong>du 17 au 21 mai 2021<\/strong>. Cet \u00e9v\u00e9nement constitue un temps fort permettant de valoriser le plurilinguisme et la diversit\u00e9 culturelle.<\/p>\n\n\n\n<p>Pour cette sixi\u00e8me \u00e9dition, le minist\u00e8re a pr\u00e9cis\u00e9 la th\u00e9matique bisannuelle d\u00e9finie pour l\u2019ann\u00e9e scolaire 2020-2021 : \u00ab <strong>Osons les langues, pour les citoyens de demain<\/strong> \u00bb. Il s\u2019agira de promouvoir l\u2019ouverture culturelle et la construction de la citoyennet\u00e9 \u00e0 travers l\u2019apprentissage de toutes les langues vivantes \u00e9trang\u00e8res et r\u00e9gionales et ce, pour tous les profils d\u2019\u00e9l\u00e8ves sur l\u2019ensemble du parcours scolaire.<\/p>\n\n\n\n<p>Afin de donner plus de lisibilit\u00e9 \u00e0 l\u2019\u00e9dition 2021, nous vous encourageons \u00e0 organiser des \u00e9v\u00e9nements et projets (concours, productions artistiques, etc.), notamment en ayant recours \u00e0 l\u2019outil num\u00e9rique au service de l\u2019apprentissage des langues. D\u2019autres initiatives pourront aussi \u00eatre prises pour mettre en lumi\u00e8re les langues et la diversit\u00e9 linguistique.<\/p>\n\n\n\n<p>Une synth\u00e8se des actions et des projets men\u00e9s \u00e0 l\u2019occasion de l\u2019\u00e9dition 2020 sera prochainement mise en ligne sur <a rel=\"noreferrer noopener\" href=\"https:\/\/eduscol.education.fr\/1688\/semaine-des-langues-vivantes\" target=\"_blank\">Eduscol<\/a>.<\/p>\n\n\n\n<p><em>Les Inspecteurs de langues vivantes \u00e9trang\u00e8res et r\u00e9gionales<\/em><\/p>\n","protected":false},"excerpt":{"rendered":"<p>La sixi\u00e8me \u00e9dition nationale de la \u00ab Semaine des langues \u00bb se d\u00e9roulera du 17 au 21 mai 2021. Cet \u00e9v\u00e9nement constitue un temps fort permettant de valoriser le plurilinguisme &#8230;<\/p>\n","protected":false},"author":53,"featured_media":1512,"comment_status":"closed","ping_status":"closed","sticky":false,"template":"","format":"standard","meta":{"footnotes":""},"categories":[7],"tags":[91],"class_list":["post-1511","post","type-post","status-publish","format-standard","has-post-thumbnail","hentry","category-actualites","tag-semaine-des-langues"],"_links":{"self":[{"href":"https:\/\/ent2d.ac-bordeaux.fr\/disciplines\/langues\/wp-json\/wp\/v2\/posts\/1511","targetHints":{"allow":["GET"]}}],"collection":[{"href":"https:\/\/ent2d.ac-bordeaux.fr\/disciplines\/langues\/wp-json\/wp\/v2\/posts"}],"about":[{"href":"https:\/\/ent2d.ac-bordeaux.fr\/disciplines\/langues\/wp-json\/wp\/v2\/types\/post"}],"author":[{"embeddable":true,"href":"https:\/\/ent2d.ac-bordeaux.fr\/disciplines\/langues\/wp-json\/wp\/v2\/users\/53"}],"replies":[{"embeddable":true,"href":"https:\/\/ent2d.ac-bordeaux.fr\/disciplines\/langues\/wp-json\/wp\/v2\/comments?post=1511"}],"version-history":[{"count":4,"href":"https:\/\/ent2d.ac-bordeaux.fr\/disciplines\/langues\/wp-json\/wp\/v2\/posts\/1511\/revisions"}],"predecessor-version":[{"id":1516,"href":"https:\/\/ent2d.ac-bordeaux.fr\/disciplines\/langues\/wp-json\/wp\/v2\/posts\/1511\/revisions\/1516"}],"wp:featuredmedia":[{"embeddable":true,"href":"https:\/\/ent2d.ac-bordeaux.fr\/disciplines\/langues\/wp-json\/wp\/v2\/media\/1512"}],"wp:attachment":[{"href":"https:\/\/ent2d.ac-bordeaux.fr\/disciplines\/langues\/wp-json\/wp\/v2\/media?parent=1511"}],"wp:term":[{"taxonomy":"category","embeddable":true,"href":"https:\/\/ent2d.ac-bordeaux.fr\/disciplines\/langues\/wp-json\/wp\/v2\/categories?post=1511"},{"taxonomy":"post_tag","embeddable":true,"href":"https:\/\/ent2d.ac-bordeaux.fr\/disciplines\/langues\/wp-json\/wp\/v2\/tags?post=1511"}],"curies":[{"name":"wp","href":"https:\/\/api.w.org\/{rel}","templated":true}]}}