{"id":1494,"date":"2021-02-18T10:30:34","date_gmt":"2021-02-18T09:30:34","guid":{"rendered":"https:\/\/ent2d.ac-bordeaux.fr\/disciplines\/langues\/?p=1494"},"modified":"2021-02-18T10:30:34","modified_gmt":"2021-02-18T09:30:34","slug":"lettre-edunum-langues-vivantes","status":"publish","type":"post","link":"https:\/\/ent2d.ac-bordeaux.fr\/disciplines\/langues\/2021\/02\/18\/lettre-edunum-langues-vivantes\/","title":{"rendered":"Lettre \u00c9duNum langues vivantes"},"content":{"rendered":"\n<p>La lettre\u00a0<em>\u00c9duNum langues vivantes<\/em>\u00a0n\u00b034 vient d\u2019\u00eatre publi\u00e9e. Elle met en avant l\u2019int\u00e9r\u00eat p\u00e9dagogique des ressources num\u00e9riques en pr\u00e9sentant des usages dans un contexte d\u2019enseignement hybride et de continuit\u00e9 p\u00e9dagogique. Vous la trouverez sur cette page :\u00a0 <a rel=\"noreferrer noopener\" href=\"https:\/\/eduscol.education.fr\/2628\/lettre-edunum-langues-vivantes\" target=\"_blank\">https:\/\/eduscol.education.fr\/2628\/lettre-edunum-langues-vivantes<\/a>.\u00a0<\/p>\n","protected":false},"excerpt":{"rendered":"<p>La lettre\u00a0\u00c9duNum langues vivantes\u00a0n\u00b034 vient d\u2019\u00eatre publi\u00e9e. Elle met en avant l\u2019int\u00e9r\u00eat p\u00e9dagogique des ressources num\u00e9riques en pr\u00e9sentant des usages dans un contexte d\u2019enseignement hybride et de continuit\u00e9 p\u00e9dagogique. Vous &#8230;<\/p>\n","protected":false},"author":53,"featured_media":1492,"comment_status":"closed","ping_status":"closed","sticky":false,"template":"","format":"standard","meta":{"footnotes":""},"categories":[10],"tags":[86],"class_list":["post-1494","post","type-post","status-publish","format-standard","has-post-thumbnail","hentry","category-espace-numerique","tag-lettre-edunum"],"_links":{"self":[{"href":"https:\/\/ent2d.ac-bordeaux.fr\/disciplines\/langues\/wp-json\/wp\/v2\/posts\/1494","targetHints":{"allow":["GET"]}}],"collection":[{"href":"https:\/\/ent2d.ac-bordeaux.fr\/disciplines\/langues\/wp-json\/wp\/v2\/posts"}],"about":[{"href":"https:\/\/ent2d.ac-bordeaux.fr\/disciplines\/langues\/wp-json\/wp\/v2\/types\/post"}],"author":[{"embeddable":true,"href":"https:\/\/ent2d.ac-bordeaux.fr\/disciplines\/langues\/wp-json\/wp\/v2\/users\/53"}],"replies":[{"embeddable":true,"href":"https:\/\/ent2d.ac-bordeaux.fr\/disciplines\/langues\/wp-json\/wp\/v2\/comments?post=1494"}],"version-history":[{"count":1,"href":"https:\/\/ent2d.ac-bordeaux.fr\/disciplines\/langues\/wp-json\/wp\/v2\/posts\/1494\/revisions"}],"predecessor-version":[{"id":1495,"href":"https:\/\/ent2d.ac-bordeaux.fr\/disciplines\/langues\/wp-json\/wp\/v2\/posts\/1494\/revisions\/1495"}],"wp:featuredmedia":[{"embeddable":true,"href":"https:\/\/ent2d.ac-bordeaux.fr\/disciplines\/langues\/wp-json\/wp\/v2\/media\/1492"}],"wp:attachment":[{"href":"https:\/\/ent2d.ac-bordeaux.fr\/disciplines\/langues\/wp-json\/wp\/v2\/media?parent=1494"}],"wp:term":[{"taxonomy":"category","embeddable":true,"href":"https:\/\/ent2d.ac-bordeaux.fr\/disciplines\/langues\/wp-json\/wp\/v2\/categories?post=1494"},{"taxonomy":"post_tag","embeddable":true,"href":"https:\/\/ent2d.ac-bordeaux.fr\/disciplines\/langues\/wp-json\/wp\/v2\/tags?post=1494"}],"curies":[{"name":"wp","href":"https:\/\/api.w.org\/{rel}","templated":true}]}}