{"id":1356,"date":"2020-04-01T16:29:18","date_gmt":"2020-04-01T14:29:18","guid":{"rendered":"https:\/\/ent2d.ac-bordeaux.fr\/disciplines\/langues\/?p=1356"},"modified":"2020-04-01T16:29:18","modified_gmt":"2020-04-01T14:29:18","slug":"espace-collaboratif-continuite-pedagogique-langues","status":"publish","type":"post","link":"https:\/\/ent2d.ac-bordeaux.fr\/disciplines\/langues\/2020\/04\/01\/espace-collaboratif-continuite-pedagogique-langues\/","title":{"rendered":"Espace collaboratif continuit\u00e9 p\u00e9dagogique langues"},"content":{"rendered":"\n<p>Mesdames, Messieurs les professeurs de langues vivantes \u00e9trang\u00e8res et r\u00e9gionales,<\/p>\n\n\n\n<p>Les IA-IPR de langues \u00e9trang\u00e8res et r\u00e9gionales de l&#8217;acad\u00e9mie ont con\u00e7u \u00e0 votre attention un parcours M@gist\u00e8re pour vous accompagner au mieux dans la mise en place de l\u2019enseignement \u00e0 distance.&nbsp;<\/p>\n\n\n\n<p>Ce parcours m@gist\u00e8re\nest articul\u00e9 autour de trois axes majeurs&nbsp;:<\/p>\n\n\n\n<ul class=\"wp-block-list\"><li>la connaissance des particularit\u00e9s de l\u2019enseignement \u00e0 distance;<\/li><li>les outils au service de la continuit\u00e9 p\u00e9dagogique (ENT, CNED, ressources nationales&#8230;) ;<\/li><li>la mutualisation (pratiques disciplinaires, techniques d\u2019animation, outils&#8230;).<\/li><\/ul>\n\n\n\n<p><strong>Pour acc\u00e9der au parcours, vous utiliserez le lien et les cl\u00e9s\nd\u2019inscription ci-dessous&nbsp;:<\/strong><\/p>\n\n\n\n<p><a href=\"https:\/\/magistere.education.fr\/ac-bordeaux\/course\/view.php?id=9863\" target=\"_blank\" rel=\"noreferrer noopener\">https:\/\/magistere.education.fr\/ac-bordeaux\/course\/view.php?id=9863<\/a>&nbsp;et\nci-dessous les cl\u00e9s d&#8217;inscription par mati\u00e8re:<\/p>\n\n\n\n<ul class=\"wp-block-list\"><li>anglais : anglaisSW1A1AA<\/li><li>allemand : allemandW8000<\/li><li>italien : italien20143<\/li><li>chinois : chinois200000<\/li><li>occitan : occitan31000<\/li><li>espagnol : espagnol08001<\/li><li>basque : basque64<\/li><li>arabe : arabe2433<\/li><li>portugais : portugais6721<\/li><li>h\u00e9breu : h\u00e9breu30978<\/li><li>japonais : japonais8023<\/li><\/ul>\n\n\n\n<div style=\"height:20px\" aria-hidden=\"true\" class=\"wp-block-spacer\"><\/div>\n\n\n\n<p>Pour acc\u00e9der au &#8220;<strong>forum &#8211; mutualisation<\/strong>&#8221; qui propose plusieurs sujets de discussion et d&#8217;\u00e9changes, cliquez sur &#8220;<strong>Mutualisation des pratiques<\/strong>&#8221; dans le sommaire :<\/p>\n\n\n\n<figure class=\"wp-block-image is-resized\"><img loading=\"lazy\" decoding=\"async\" src=\"https:\/\/ent2d.ac-bordeaux.fr\/disciplines\/langues\/wp-content\/uploads\/sites\/61\/2020\/04\/Screen-Shot-04-01-20-at-03.50-PM.png\" alt=\"\" class=\"wp-image-1357\" width=\"265\" height=\"335\" srcset=\"https:\/\/ent2d.ac-bordeaux.fr\/disciplines\/langues\/wp-content\/uploads\/sites\/61\/2020\/04\/Screen-Shot-04-01-20-at-03.50-PM.png 417w, https:\/\/ent2d.ac-bordeaux.fr\/disciplines\/langues\/wp-content\/uploads\/sites\/61\/2020\/04\/Screen-Shot-04-01-20-at-03.50-PM-238x300.png 238w\" sizes=\"auto, (max-width: 265px) 100vw, 265px\" \/><\/figure>\n\n\n\n<div style=\"height:20px\" aria-hidden=\"true\" class=\"wp-block-spacer\"><\/div>\n\n\n\n<p><strong><em>Quelques exemples des discussions en cours :<\/em><\/strong><\/p>\n\n\n\n<p><a href=\"https:\/\/magistere.education.fr\/ac-bordeaux\/mod\/forum\/discuss.php?d=44668\" target=\"_blank\" rel=\"noreferrer noopener\" aria-label=\" (s\u2019ouvre dans un nouvel onglet)\">1. S\u00e9lection d\u2019outils num\u00e9riques<\/a><\/p>\n\n\n\n<p><a href=\"https:\/\/magistere.education.fr\/ac-bordeaux\/mod\/forum\/discuss.php?d=44669\" target=\"_blank\" rel=\"noreferrer noopener\" aria-label=\" (s\u2019ouvre dans un nouvel onglet)\">2. Comment mobilisez-vous les \u00e9l\u00e8ves sur le travail \u00e0 accomplir ?<\/a><\/p>\n\n\n\n<p><a href=\"https:\/\/magistere.education.fr\/ac-bordeaux\/mod\/forum\/discuss.php?d=44670\" target=\"_blank\" rel=\"noreferrer noopener\" aria-label=\" (s\u2019ouvre dans un nouvel onglet)\">3. Quelles strat\u00e9gies adopter quant \u00e0 la gestion du travail personnel propos\u00e9 aux \u00e9l\u00e8ves dans la semaine ?<\/a><\/p>\n\n\n\n<p><a href=\"https:\/\/magistere.education.fr\/ac-bordeaux\/mod\/forum\/discuss.php?d=44671\" target=\"_blank\" rel=\"noreferrer noopener\" aria-label=\" (s\u2019ouvre dans un nouvel onglet)\">4. Que mettre en place pour accompagner \u00e0 distance les \u00e9l\u00e8ves ?<\/a><\/p>\n\n\n\n<p><a href=\"https:\/\/magistere.education.fr\/ac-bordeaux\/mod\/forum\/discuss.php?d=44672\" target=\"_blank\" rel=\"noreferrer noopener\" aria-label=\" (s\u2019ouvre dans un nouvel onglet)\">5. Pour d\u00e9buter une s\u00e9quence \/ une s\u00e9ance \u00e0 distance<\/a><\/p>\n\n\n\n<p><a href=\"https:\/\/magistere.education.fr\/ac-bordeaux\/mod\/forum\/discuss.php?d=44673\" target=\"_blank\" rel=\"noreferrer noopener\" aria-label=\" (s\u2019ouvre dans un nouvel onglet)\">6. Pour mettre en \u0153uvre la premi\u00e8re s\u00e9ance<\/a><\/p>\n\n\n\n<p><a href=\"https:\/\/magistere.education.fr\/ac-bordeaux\/mod\/forum\/discuss.php?d=44674\" target=\"_blank\" rel=\"noreferrer noopener\" aria-label=\" (s\u2019ouvre dans un nouvel onglet)\">7. Pour travailler la Compr\u00e9hension de l\u2019oral<\/a><\/p>\n\n\n\n<p><a href=\"https:\/\/magistere.education.fr\/ac-bordeaux\/mod\/forum\/discuss.php?d=44675\" target=\"_blank\" rel=\"noreferrer noopener\" aria-label=\" (s\u2019ouvre dans un nouvel onglet)\">8. Pour travailler l\u2019Expression \u00e9crite<\/a><\/p>\n\n\n\n<p><a href=\"https:\/\/magistere.education.fr\/ac-bordeaux\/mod\/forum\/discuss.php?d=44660\" target=\"_blank\" rel=\"noreferrer noopener\" aria-label=\" (s\u2019ouvre dans un nouvel onglet)\">9. Pour \u00e9valuer<\/a><\/p>\n\n\n\n<p><a href=\"https:\/\/magistere.education.fr\/ac-bordeaux\/mod\/forum\/discuss.php?d=44665\" target=\"_blank\" rel=\"noreferrer noopener\" aria-label=\" (s\u2019ouvre dans un nouvel onglet)\">10. ANGLAIS &#8211; Ressources p\u00e9dagogiques<\/a><\/p>\n\n\n\n<p><a href=\"https:\/\/magistere.education.fr\/ac-bordeaux\/mod\/forum\/discuss.php?d=44703\" target=\"_blank\" rel=\"noreferrer noopener\" aria-label=\" (s\u2019ouvre dans un nouvel onglet)\">11-ESPAGNOL- Ressources p\u00e9dagogiques<\/a><\/p>\n\n\n\n<div style=\"height:33px\" aria-hidden=\"true\" class=\"wp-block-spacer\"><\/div>\n\n\n\n<p><strong>Remarque <\/strong>: afin d&#8217;organiser nos \u00e9changes, merci de cliquer sur le(s) fils de discussion que vous souhaitez renseigner et de <strong>r\u00e9pondre au dernier message<\/strong> (<em>Lorsque\u00a0vous ajoutez une discussion, en r\u00e9alit\u00e9, vous ajoutez un fil de discussion suppl\u00e9mentaire<\/em>).\u00a0<\/p>\n","protected":false},"excerpt":{"rendered":"<p>Mesdames, Messieurs les professeurs de langues vivantes \u00e9trang\u00e8res et r\u00e9gionales, Les IA-IPR de langues \u00e9trang\u00e8res et r\u00e9gionales de l&#8217;acad\u00e9mie ont con\u00e7u \u00e0 votre attention un parcours M@gist\u00e8re pour vous accompagner &#8230;<\/p>\n","protected":false},"author":53,"featured_media":680,"comment_status":"closed","ping_status":"closed","sticky":false,"template":"","format":"standard","meta":{"footnotes":""},"categories":[8],"tags":[58],"class_list":["post-1356","post","type-post","status-publish","format-standard","has-post-thumbnail","hentry","category-formation","tag-mgistere"],"_links":{"self":[{"href":"https:\/\/ent2d.ac-bordeaux.fr\/disciplines\/langues\/wp-json\/wp\/v2\/posts\/1356","targetHints":{"allow":["GET"]}}],"collection":[{"href":"https:\/\/ent2d.ac-bordeaux.fr\/disciplines\/langues\/wp-json\/wp\/v2\/posts"}],"about":[{"href":"https:\/\/ent2d.ac-bordeaux.fr\/disciplines\/langues\/wp-json\/wp\/v2\/types\/post"}],"author":[{"embeddable":true,"href":"https:\/\/ent2d.ac-bordeaux.fr\/disciplines\/langues\/wp-json\/wp\/v2\/users\/53"}],"replies":[{"embeddable":true,"href":"https:\/\/ent2d.ac-bordeaux.fr\/disciplines\/langues\/wp-json\/wp\/v2\/comments?post=1356"}],"version-history":[{"count":7,"href":"https:\/\/ent2d.ac-bordeaux.fr\/disciplines\/langues\/wp-json\/wp\/v2\/posts\/1356\/revisions"}],"predecessor-version":[{"id":1364,"href":"https:\/\/ent2d.ac-bordeaux.fr\/disciplines\/langues\/wp-json\/wp\/v2\/posts\/1356\/revisions\/1364"}],"wp:featuredmedia":[{"embeddable":true,"href":"https:\/\/ent2d.ac-bordeaux.fr\/disciplines\/langues\/wp-json\/wp\/v2\/media\/680"}],"wp:attachment":[{"href":"https:\/\/ent2d.ac-bordeaux.fr\/disciplines\/langues\/wp-json\/wp\/v2\/media?parent=1356"}],"wp:term":[{"taxonomy":"category","embeddable":true,"href":"https:\/\/ent2d.ac-bordeaux.fr\/disciplines\/langues\/wp-json\/wp\/v2\/categories?post=1356"},{"taxonomy":"post_tag","embeddable":true,"href":"https:\/\/ent2d.ac-bordeaux.fr\/disciplines\/langues\/wp-json\/wp\/v2\/tags?post=1356"}],"curies":[{"name":"wp","href":"https:\/\/api.w.org\/{rel}","templated":true}]}}