{"id":1182,"date":"2019-03-15T07:13:54","date_gmt":"2019-03-15T06:13:54","guid":{"rendered":"https:\/\/ent2d.ac-bordeaux.fr\/disciplines\/langues\/?p=1182"},"modified":"2020-03-28T14:20:23","modified_gmt":"2020-03-28T13:20:23","slug":"toute-une-histoire-de-langues","status":"publish","type":"post","link":"https:\/\/ent2d.ac-bordeaux.fr\/disciplines\/langues\/2019\/03\/15\/toute-une-histoire-de-langues\/","title":{"rendered":"Toute une histoire de langues\u2026"},"content":{"rendered":"<p style=\"text-align: justify\">&#8220;[&#8230;] Alors nous y voil\u00e0\u2026 J\u2019enseigne la moiti\u00e9 du temps dans un coll\u00e8ge de Gironde, et l\u2019autre moiti\u00e9 je la passe de l\u2019autre c\u00f4t\u00e9 de la plan\u00e8te, au P\u00e9rou. L\u2019\u00e9vocation m\u00eame de ce pays appelle imm\u00e9diatement des images fascinantes de Cordill\u00e8re, de for\u00eat tropicale, d\u2019altiplano\u2026 ou d\u2019oreille cass\u00e9e&nbsp; pour les tintinophiles ! Ce sont toutes ces images que j\u2019avais en t\u00eate il y a deux ans lorsque je suis mont\u00e9e dans l\u2019avion qui m\u2019emmenait vers des horizons aussi vari\u00e9s qu\u2019impr\u00e9vus, bien loin de tout ce que j\u2019avais pu imaginer. [&#8230;]&#8221;<\/p>\n<p>Pour lire le t\u00e9moignage&nbsp;de Mme Rodriguez, professeur&nbsp;d&#8217;anglais au coll\u00e8ge Cantelande \u00e0 Cestas, <a href=\"https:\/\/ent2d.ac-bordeaux.fr\/disciplines\/langues\/wp-content\/uploads\/sites\/61\/2019\/03\/articlePERU.pdf\" target=\"_blank\" rel=\"noopener noreferrer\"><strong>cliquez ici<\/strong><\/a>.<\/p>\n<p>&nbsp;<\/p>\n","protected":false},"excerpt":{"rendered":"<p>&#8220;[&#8230;] Alors nous y voil\u00e0\u2026 J\u2019enseigne la moiti\u00e9 du temps dans un coll\u00e8ge de Gironde, et l\u2019autre moiti\u00e9 je la passe de l\u2019autre c\u00f4t\u00e9 de la plan\u00e8te, au P\u00e9rou. L\u2019\u00e9vocation &#8230;<\/p>\n","protected":false},"author":53,"featured_media":1185,"comment_status":"closed","ping_status":"closed","sticky":false,"template":"","format":"standard","meta":{"footnotes":""},"categories":[9],"tags":[85],"class_list":["post-1182","post","type-post","status-publish","format-standard","has-post-thumbnail","hentry","category-mobilites-internationales","tag-temoignage"],"_links":{"self":[{"href":"https:\/\/ent2d.ac-bordeaux.fr\/disciplines\/langues\/wp-json\/wp\/v2\/posts\/1182","targetHints":{"allow":["GET"]}}],"collection":[{"href":"https:\/\/ent2d.ac-bordeaux.fr\/disciplines\/langues\/wp-json\/wp\/v2\/posts"}],"about":[{"href":"https:\/\/ent2d.ac-bordeaux.fr\/disciplines\/langues\/wp-json\/wp\/v2\/types\/post"}],"author":[{"embeddable":true,"href":"https:\/\/ent2d.ac-bordeaux.fr\/disciplines\/langues\/wp-json\/wp\/v2\/users\/53"}],"replies":[{"embeddable":true,"href":"https:\/\/ent2d.ac-bordeaux.fr\/disciplines\/langues\/wp-json\/wp\/v2\/comments?post=1182"}],"version-history":[{"count":5,"href":"https:\/\/ent2d.ac-bordeaux.fr\/disciplines\/langues\/wp-json\/wp\/v2\/posts\/1182\/revisions"}],"predecessor-version":[{"id":1339,"href":"https:\/\/ent2d.ac-bordeaux.fr\/disciplines\/langues\/wp-json\/wp\/v2\/posts\/1182\/revisions\/1339"}],"wp:featuredmedia":[{"embeddable":true,"href":"https:\/\/ent2d.ac-bordeaux.fr\/disciplines\/langues\/wp-json\/wp\/v2\/media\/1185"}],"wp:attachment":[{"href":"https:\/\/ent2d.ac-bordeaux.fr\/disciplines\/langues\/wp-json\/wp\/v2\/media?parent=1182"}],"wp:term":[{"taxonomy":"category","embeddable":true,"href":"https:\/\/ent2d.ac-bordeaux.fr\/disciplines\/langues\/wp-json\/wp\/v2\/categories?post=1182"},{"taxonomy":"post_tag","embeddable":true,"href":"https:\/\/ent2d.ac-bordeaux.fr\/disciplines\/langues\/wp-json\/wp\/v2\/tags?post=1182"}],"curies":[{"name":"wp","href":"https:\/\/api.w.org\/{rel}","templated":true}]}}