{"id":1173,"date":"2019-01-09T19:36:11","date_gmt":"2019-01-09T18:36:11","guid":{"rendered":"https:\/\/ent2d.ac-bordeaux.fr\/disciplines\/langues\/?p=1173"},"modified":"2019-01-09T19:40:16","modified_gmt":"2019-01-09T18:40:16","slug":"quinzaine-du-cinema-italien-47","status":"publish","type":"post","link":"https:\/\/ent2d.ac-bordeaux.fr\/disciplines\/langues\/2019\/01\/09\/quinzaine-du-cinema-italien-47\/","title":{"rendered":"Quinzaine du cin\u00e9ma italien (47)"},"content":{"rendered":"<h5><strong>UNE \u00ab\u00a0QUINZAINE DU CIN\u00c9MA ITALIEN\u00a0\u00bb \u00c0 MONSEMPRON-LIBOS, EN LOT-ET-GARONNE<\/strong><\/h5>\n<p style=\"text-align: justify\">Du 19 septembre au 2 octobre 2018 s\u2019est tenue au cin\u00e9ma Le Liberty de Monsempron-Libos, pr\u00e8s de Fumel, une quinzaine du cin\u00e9ma italien.<\/p>\n<p style=\"text-align: justify\">Cette \u00abrentr\u00e9e italienne\u00bb s\u2019est articul\u00e9e autour de huit films italiens dont six sortis en 2018, et cela a \u00e9t\u00e9 un succ\u00e8s, le public ayant adh\u00e9r\u00e9 \u00e0 l\u2019initiative.<\/p>\n<p style=\"text-align: justify\">Les coll\u00e9giens italianistes des \u00e9tablissements Andr\u00e9 Crochepierre de Villeneuve sur Lot et Damira Asperti de Penne d\u2019Agenais, ainsi que les lyc\u00e9ens du Lyc\u00e9e Filhol de Fumel ont pu profiter des s\u00e9ances scolaires pour voir des films en italien (tous les films \u00e9tant en VO sous-titr\u00e9e).<\/p>\n<p style=\"text-align: justify\">Cette initiative, propos\u00e9e par M. Turiaf, Mme Founaud-Veysset et M. Romeo (respectivement directeur du Cin\u00e9ma Le Liberty de Monsempron-Libos, professeure documentaliste au lyc\u00e9e de Fumel et professeur d\u2019italien au lyc\u00e9e de Fumel) est n\u00e9e de la volont\u00e9 d\u2019une ouverture culturelle et linguistique sur l\u2019Italie et l\u2019italien dans le Villeneuvois et le Fum\u00e9lois.<\/p>\n<p style=\"text-align: justify\">Cette langue est d\u2019ailleurs enseign\u00e9e depuis la rentr\u00e9e 2016 dans les \u00e9tablissements \u00e9voqu\u00e9s ainsi qu\u2019au Lyc\u00e9e Georges Leygues de Villeneuve sur Lot.<\/p>\n<p>Voici <a href=\"https:\/\/ent2d.ac-bordeaux.fr\/disciplines\/italien\/wp-content\/uploads\/sites\/12\/2019\/01\/rentr%C3%A9e-italienne.pdf\" target=\"_blank\" rel=\"noopener\">le\u00a0programme de la Quinzaine du cin\u00e9ma italien de l&#8217;\u00e9dition 2018<\/a>.<\/p>\n<p>&nbsp;<\/p>\n<p><span style=\"color: #ff0000\"><em>Cette initiative sera tr\u00e8s probablement reconduite \u00e0 l\u2019automne 2019.<\/em><\/span><\/p>\n","protected":false},"excerpt":{"rendered":"<p>UNE \u00ab\u00a0QUINZAINE DU CIN\u00c9MA ITALIEN\u00a0\u00bb \u00c0 MONSEMPRON-LIBOS, EN LOT-ET-GARONNE Du 19 septembre au 2 octobre 2018 s\u2019est tenue au cin\u00e9ma Le Liberty de Monsempron-Libos, pr\u00e8s de Fumel, une quinzaine du &#8230;<\/p>\n","protected":false},"author":53,"featured_media":1175,"comment_status":"closed","ping_status":"closed","sticky":false,"template":"","format":"standard","meta":{"footnotes":""},"categories":[7],"tags":[50],"class_list":["post-1173","post","type-post","status-publish","format-standard","has-post-thumbnail","hentry","category-actualites","tag-cinema"],"_links":{"self":[{"href":"https:\/\/ent2d.ac-bordeaux.fr\/disciplines\/langues\/wp-json\/wp\/v2\/posts\/1173","targetHints":{"allow":["GET"]}}],"collection":[{"href":"https:\/\/ent2d.ac-bordeaux.fr\/disciplines\/langues\/wp-json\/wp\/v2\/posts"}],"about":[{"href":"https:\/\/ent2d.ac-bordeaux.fr\/disciplines\/langues\/wp-json\/wp\/v2\/types\/post"}],"author":[{"embeddable":true,"href":"https:\/\/ent2d.ac-bordeaux.fr\/disciplines\/langues\/wp-json\/wp\/v2\/users\/53"}],"replies":[{"embeddable":true,"href":"https:\/\/ent2d.ac-bordeaux.fr\/disciplines\/langues\/wp-json\/wp\/v2\/comments?post=1173"}],"version-history":[{"count":6,"href":"https:\/\/ent2d.ac-bordeaux.fr\/disciplines\/langues\/wp-json\/wp\/v2\/posts\/1173\/revisions"}],"predecessor-version":[{"id":1180,"href":"https:\/\/ent2d.ac-bordeaux.fr\/disciplines\/langues\/wp-json\/wp\/v2\/posts\/1173\/revisions\/1180"}],"wp:featuredmedia":[{"embeddable":true,"href":"https:\/\/ent2d.ac-bordeaux.fr\/disciplines\/langues\/wp-json\/wp\/v2\/media\/1175"}],"wp:attachment":[{"href":"https:\/\/ent2d.ac-bordeaux.fr\/disciplines\/langues\/wp-json\/wp\/v2\/media?parent=1173"}],"wp:term":[{"taxonomy":"category","embeddable":true,"href":"https:\/\/ent2d.ac-bordeaux.fr\/disciplines\/langues\/wp-json\/wp\/v2\/categories?post=1173"},{"taxonomy":"post_tag","embeddable":true,"href":"https:\/\/ent2d.ac-bordeaux.fr\/disciplines\/langues\/wp-json\/wp\/v2\/tags?post=1173"}],"curies":[{"name":"wp","href":"https:\/\/api.w.org\/{rel}","templated":true}]}}