{"id":908,"date":"2020-06-24T18:41:17","date_gmt":"2020-06-24T16:41:17","guid":{"rendered":"https:\/\/ent2d.ac-bordeaux.fr\/disciplines\/italien\/?p=908"},"modified":"2020-06-24T18:48:01","modified_gmt":"2020-06-24T16:48:01","slug":"projet-vieni-via-con-me-memoires-de-limmigration","status":"publish","type":"post","link":"https:\/\/ent2d.ac-bordeaux.fr\/disciplines\/italien\/2020\/06\/projet-vieni-via-con-me-memoires-de-limmigration\/","title":{"rendered":"Projet Vieni via con me! &#8211; M\u00e9moires de l&rsquo;immigration"},"content":{"rendered":"\n<p><\/p>\n\n\n\n<div class=\"wp-block-media-text alignwide\"><figure class=\"wp-block-media-text__media\"><img loading=\"lazy\" decoding=\"async\" width=\"900\" height=\"600\" src=\"https:\/\/ent2d.ac-bordeaux.fr\/disciplines\/italien\/wp-content\/uploads\/sites\/12\/2020\/06\/MEMOIRE-DE-L-IMMIGRATION-CIAM-900x600.jpg\" alt=\"\" class=\"wp-image-909\" srcset=\"https:\/\/ent2d.ac-bordeaux.fr\/disciplines\/italien\/wp-content\/uploads\/sites\/12\/2020\/06\/MEMOIRE-DE-L-IMMIGRATION-CIAM-900x600.jpg 900w, https:\/\/ent2d.ac-bordeaux.fr\/disciplines\/italien\/wp-content\/uploads\/sites\/12\/2020\/06\/MEMOIRE-DE-L-IMMIGRATION-CIAM-900x600-300x200.jpg 300w, https:\/\/ent2d.ac-bordeaux.fr\/disciplines\/italien\/wp-content\/uploads\/sites\/12\/2020\/06\/MEMOIRE-DE-L-IMMIGRATION-CIAM-900x600-768x512.jpg 768w\" sizes=\"auto, (max-width: 900px) 100vw, 900px\" \/><\/figure><div class=\"wp-block-media-text__content\">\n<p class=\"has-background has-medium-font-size has-very-light-gray-background-color\"><a rel=\"noreferrer noopener\" href=\"https:\/\/audioblog.arteradio.com\/blog\/150165\/podcast\/150178\/vieni-via-con-me%EF%BB%BF\" target=\"_blank\">Voici la r\u00e9alisation de la cr\u00e9ation sonore <\/a><em><strong><a rel=\"noreferrer noopener\" href=\"https:\/\/audioblog.arteradio.com\/blog\/150165\/podcast\/150178\/vieni-via-con-me%EF%BB%BF\" target=\"_blank\">Vieni via con me!<\/a><\/strong><\/em> de Karina Ketz (Cie Int\u00e9rieur Nuit).<br><\/p>\n\n\n\n<p><\/p>\n<\/div><\/div>\n\n\n\n<p class=\"has-text-color has-background has-medium-font-size has-vivid-cyan-blue-color has-very-light-gray-background-color\">Cette cr\u00e9ation est l\u2019aboutissement du projet acad\u00e9mique \u00ab M\u00e9moires de l\u2019immigration \u00bb r\u00e9alis\u00e9 au lyc\u00e9e Camille Jullian avec des \u00e9l\u00e8ves de terminale LVC et les \u00e9tudiants de CPGE de Chrystel Donati. Beaucoup de personnes ont contribu\u00e9 \u00e0 sa r\u00e9alisation (dont Marco Tuccinardi). <\/p>\n","protected":false},"excerpt":{"rendered":"<p>Voici la r\u00e9alisation de la cr\u00e9ation sonore Vieni via con me! de Karina Ketz (Cie Int\u00e9rieur Nuit). Cette cr\u00e9ation est l\u2019aboutissement du projet acad\u00e9mique \u00ab M\u00e9moires de l\u2019immigration \u00bb r\u00e9alis\u00e9 &#8230;<\/p>\n","protected":false},"author":42,"featured_media":909,"comment_status":"closed","ping_status":"closed","sticky":false,"template":"","format":"standard","meta":{"footnotes":""},"categories":[1],"tags":[],"class_list":["post-908","post","type-post","status-publish","format-standard","has-post-thumbnail","hentry","category-non-classe"],"_links":{"self":[{"href":"https:\/\/ent2d.ac-bordeaux.fr\/disciplines\/italien\/wp-json\/wp\/v2\/posts\/908","targetHints":{"allow":["GET"]}}],"collection":[{"href":"https:\/\/ent2d.ac-bordeaux.fr\/disciplines\/italien\/wp-json\/wp\/v2\/posts"}],"about":[{"href":"https:\/\/ent2d.ac-bordeaux.fr\/disciplines\/italien\/wp-json\/wp\/v2\/types\/post"}],"author":[{"embeddable":true,"href":"https:\/\/ent2d.ac-bordeaux.fr\/disciplines\/italien\/wp-json\/wp\/v2\/users\/42"}],"replies":[{"embeddable":true,"href":"https:\/\/ent2d.ac-bordeaux.fr\/disciplines\/italien\/wp-json\/wp\/v2\/comments?post=908"}],"version-history":[{"count":3,"href":"https:\/\/ent2d.ac-bordeaux.fr\/disciplines\/italien\/wp-json\/wp\/v2\/posts\/908\/revisions"}],"predecessor-version":[{"id":913,"href":"https:\/\/ent2d.ac-bordeaux.fr\/disciplines\/italien\/wp-json\/wp\/v2\/posts\/908\/revisions\/913"}],"wp:featuredmedia":[{"embeddable":true,"href":"https:\/\/ent2d.ac-bordeaux.fr\/disciplines\/italien\/wp-json\/wp\/v2\/media\/909"}],"wp:attachment":[{"href":"https:\/\/ent2d.ac-bordeaux.fr\/disciplines\/italien\/wp-json\/wp\/v2\/media?parent=908"}],"wp:term":[{"taxonomy":"category","embeddable":true,"href":"https:\/\/ent2d.ac-bordeaux.fr\/disciplines\/italien\/wp-json\/wp\/v2\/categories?post=908"},{"taxonomy":"post_tag","embeddable":true,"href":"https:\/\/ent2d.ac-bordeaux.fr\/disciplines\/italien\/wp-json\/wp\/v2\/tags?post=908"}],"curies":[{"name":"wp","href":"https:\/\/api.w.org\/{rel}","templated":true}]}}