{"id":871,"date":"2021-03-20T11:24:00","date_gmt":"2021-03-20T10:24:00","guid":{"rendered":"https:\/\/ent2d.ac-bordeaux.fr\/disciplines\/italien\/?p=871"},"modified":"2021-04-08T09:09:14","modified_gmt":"2021-04-08T07:09:14","slug":"promouvoir-litalien","status":"publish","type":"post","link":"https:\/\/ent2d.ac-bordeaux.fr\/disciplines\/italien\/2021\/03\/promouvoir-litalien\/","title":{"rendered":"Promouvoir l&rsquo;italien"},"content":{"rendered":"\n<div class=\"wp-block-file aligncenter\"><a href=\"https:\/\/ent2d.ac-bordeaux.fr\/disciplines\/italien\/wp-content\/uploads\/sites\/12\/2021\/04\/POURQUOI-ETUDIER-LITALIEN-TEMOIGNAGE.pdf\"><strong><span class=\"has-inline-color has-vivid-green-cyan-color\">POURQUOI ETUDIER LITALIEN ? TEMOIGNAGE<\/span><\/strong><\/a><a href=\"https:\/\/ent2d.ac-bordeaux.fr\/disciplines\/italien\/wp-content\/uploads\/sites\/12\/2021\/04\/POURQUOI-ETUDIER-LITALIEN-TEMOIGNAGE.pdf\" class=\"wp-block-file__button\" download>T\u00e9l\u00e9charger<\/a><\/div>\n\n\n\n<figure class=\"wp-block-embed-youtube wp-block-embed is-type-video is-provider-youtube wp-embed-aspect-16-9 wp-has-aspect-ratio\"><div class=\"wp-block-embed__wrapper\">\n<iframe loading=\"lazy\" width=\"800\" height=\"450\" src=\"https:\/\/www.youtube.com\/embed\/jigGpvw5_6A?feature=oembed\" frameborder=\"0\" allow=\"accelerometer; autoplay; encrypted-media; gyroscope; picture-in-picture\" allowfullscreen><\/iframe>\n<\/div><figcaption>L&rsquo;italien au coll\u00e8ge<\/figcaption><\/figure>\n\n\n\n<figure class=\"wp-block-embed-youtube wp-block-embed is-type-video is-provider-youtube wp-embed-aspect-16-9 wp-has-aspect-ratio\"><div class=\"wp-block-embed__wrapper\">\n<iframe loading=\"lazy\" width=\"800\" height=\"450\" src=\"https:\/\/www.youtube.com\/embed\/VSNriL64VAQ?feature=oembed\" frameborder=\"0\" allow=\"accelerometer; autoplay; encrypted-media; gyroscope; picture-in-picture\" allowfullscreen><\/iframe>\n<\/div><figcaption>L&rsquo;italien au lyc\u00e9e en 2nde LVC<br><\/figcaption><\/figure>\n\n\n\n<figure class=\"wp-block-embed-youtube wp-block-embed is-type-video is-provider-youtube wp-embed-aspect-16-9 wp-has-aspect-ratio\"><div class=\"wp-block-embed__wrapper\">\n<iframe loading=\"lazy\" width=\"800\" height=\"450\" src=\"https:\/\/www.youtube.com\/embed\/SwowSkHk5Rs?feature=oembed\" frameborder=\"0\" allow=\"accelerometer; autoplay; encrypted-media; gyroscope; picture-in-picture\" allowfullscreen><\/iframe>\n<\/div><figcaption>L&rsquo;italien en 2nde EsaBAC<\/figcaption><\/figure>\n\n\n\n<figure class=\"wp-block-embed-youtube wp-block-embed is-type-video is-provider-youtube wp-embed-aspect-16-9 wp-has-aspect-ratio\"><div class=\"wp-block-embed__wrapper\">\n<iframe loading=\"lazy\" title=\"ESABAC Lyc\u00e9e Leygues Couffignal\" width=\"800\" height=\"450\" src=\"https:\/\/www.youtube.com\/embed\/CEx0-rQj5y0?start=2&#038;feature=oembed\" frameborder=\"0\" allow=\"accelerometer; autoplay; clipboard-write; encrypted-media; gyroscope; picture-in-picture\" allowfullscreen><\/iframe>\n<\/div><\/figure>\n\n\n\n<figure class=\"wp-block-embed-youtube wp-block-embed is-type-video is-provider-youtube wp-embed-aspect-16-9 wp-has-aspect-ratio\"><div class=\"wp-block-embed__wrapper\">\n<iframe loading=\"lazy\" width=\"800\" height=\"450\" src=\"https:\/\/www.youtube.com\/embed\/BntVzzTobIM?feature=oembed\" frameborder=\"0\" allow=\"accelerometer; autoplay; encrypted-media; gyroscope; picture-in-picture\" allowfullscreen><\/iframe>\n<\/div><\/figure>\n\n\n\n<figure class=\"wp-block-embed-youtube wp-block-embed is-type-video is-provider-youtube wp-embed-aspect-16-9 wp-has-aspect-ratio\"><div class=\"wp-block-embed__wrapper\">\n<iframe loading=\"lazy\" width=\"800\" height=\"450\" src=\"https:\/\/www.youtube.com\/embed\/C_2abwLVeXs?feature=oembed\" frameborder=\"0\" allow=\"accelerometer; autoplay; encrypted-media; gyroscope; picture-in-picture\" allowfullscreen><\/iframe>\n<\/div><figcaption>L&rsquo;italien en 2nde LVC<\/figcaption><\/figure>\n\n\n\n<div class=\"wp-block-media-text alignwide\"><figure class=\"wp-block-media-text__media\"><img loading=\"lazy\" decoding=\"async\" width=\"300\" height=\"110\" src=\"https:\/\/ent2d.ac-bordeaux.fr\/disciplines\/italien\/wp-content\/uploads\/sites\/12\/2020\/06\/logo.png\" alt=\"\" class=\"wp-image-894\" \/><\/figure><div class=\"wp-block-media-text__content\">\n<p class=\"has-text-color has-background has-vivid-red-color has-vivid-green-cyan-background-color\"><a rel=\"noreferrer noopener\" aria-label=\"Section FIFI (s\u2019ouvre dans un nouvel onglet)\" href=\"https:\/\/www.sciencespobordeaux.fr\/fr\/formation\/diplome-d-institut-d-etudes-politiques\/doubles-diplomes-internationaux-cycle4\/filiere-integree-france-italie-turin-fifi-ICOZK9XD.html\" target=\"_blank\"><strong>Section FIFI<\/strong><\/a> <strong>(Fili\u00e8re int\u00e9gr\u00e9e France-Italie\/Bordeaux-Turin).<\/strong><\/p>\n\n\n\n<p><em><a rel=\"noreferrer noopener\" aria-label=\"Une \u00e9l\u00e8ve de Fumel entre \u00e0 Sciences Po Bordeaux en FIFI  (s\u2019ouvre dans un nouvel onglet)\" href=\"https:\/\/www.sudouest.fr\/2020\/05\/31\/fumel-la-jeune-agape-entre-a-science-po-7527035-3703.php\" target=\"_blank\"><strong>Une \u00e9l\u00e8ve de Fumel entre \u00e0 Sciences Po Bordeaux en FIFI <\/strong><\/a><\/em>(article publi\u00e9 dans <em>Sud-Ouest<\/em> le 31\/05\/20).<\/p>\n\n\n\n<p>Sa chance : <a rel=\"noreferrer noopener\" aria-label=\"un \u00e9change individuel avec la Toscane en 2019 (s\u2019ouvre dans un nouvel onglet)\" href=\"https:\/\/www.ladepeche.fr\/2019\/11\/25\/lycee-un-peu-de-dolce-vita-pour-agape,8561359.php\" target=\"_blank\"><strong>un \u00e9change individuel avec la Toscane en 2019<\/strong><\/a> (article publi\u00e9 dans<em> La D\u00e9p\u00eache<\/em> le 25\/11\/19).<\/p>\n\n\n\n<p class=\"has-text-color has-background has-vivid-green-cyan-color has-vivid-red-background-color\">Et en plus, il y a eu <strong><a rel=\"noreferrer noopener\" aria-label=\"un \u00e9change scolaire  (s\u2019ouvre dans un nouvel onglet)\" href=\"https:\/\/www.sudouest.fr\/2019\/04\/17\/la-dolce-vita-des-lyceens-5995387-3703.php\" target=\"_blank\">un \u00e9change scolaire linguistique et culturel avec la ville italienne de Piacenza en 2018\/19<\/a><\/strong> (article publi\u00e9 dans <em>Sud-Ouest<\/em> le 17\/04\/19).<\/p>\n<\/div><\/div>\n","protected":false},"excerpt":{"rendered":"<p>Section FIFI (Fili\u00e8re int\u00e9gr\u00e9e France-Italie\/Bordeaux-Turin). Une \u00e9l\u00e8ve de Fumel entre \u00e0 Sciences Po Bordeaux en FIFI (article publi\u00e9 dans Sud-Ouest le 31\/05\/20). Sa chance : un \u00e9change individuel avec la &#8230;<\/p>\n","protected":false},"author":42,"featured_media":876,"comment_status":"closed","ping_status":"closed","sticky":false,"template":"","format":"standard","meta":{"footnotes":""},"categories":[1],"tags":[],"class_list":["post-871","post","type-post","status-publish","format-standard","has-post-thumbnail","hentry","category-non-classe"],"_links":{"self":[{"href":"https:\/\/ent2d.ac-bordeaux.fr\/disciplines\/italien\/wp-json\/wp\/v2\/posts\/871","targetHints":{"allow":["GET"]}}],"collection":[{"href":"https:\/\/ent2d.ac-bordeaux.fr\/disciplines\/italien\/wp-json\/wp\/v2\/posts"}],"about":[{"href":"https:\/\/ent2d.ac-bordeaux.fr\/disciplines\/italien\/wp-json\/wp\/v2\/types\/post"}],"author":[{"embeddable":true,"href":"https:\/\/ent2d.ac-bordeaux.fr\/disciplines\/italien\/wp-json\/wp\/v2\/users\/42"}],"replies":[{"embeddable":true,"href":"https:\/\/ent2d.ac-bordeaux.fr\/disciplines\/italien\/wp-json\/wp\/v2\/comments?post=871"}],"version-history":[{"count":19,"href":"https:\/\/ent2d.ac-bordeaux.fr\/disciplines\/italien\/wp-json\/wp\/v2\/posts\/871\/revisions"}],"predecessor-version":[{"id":1027,"href":"https:\/\/ent2d.ac-bordeaux.fr\/disciplines\/italien\/wp-json\/wp\/v2\/posts\/871\/revisions\/1027"}],"wp:featuredmedia":[{"embeddable":true,"href":"https:\/\/ent2d.ac-bordeaux.fr\/disciplines\/italien\/wp-json\/wp\/v2\/media\/876"}],"wp:attachment":[{"href":"https:\/\/ent2d.ac-bordeaux.fr\/disciplines\/italien\/wp-json\/wp\/v2\/media?parent=871"}],"wp:term":[{"taxonomy":"category","embeddable":true,"href":"https:\/\/ent2d.ac-bordeaux.fr\/disciplines\/italien\/wp-json\/wp\/v2\/categories?post=871"},{"taxonomy":"post_tag","embeddable":true,"href":"https:\/\/ent2d.ac-bordeaux.fr\/disciplines\/italien\/wp-json\/wp\/v2\/tags?post=871"}],"curies":[{"name":"wp","href":"https:\/\/api.w.org\/{rel}","templated":true}]}}