{"id":582,"date":"2019-02-06T07:11:26","date_gmt":"2019-02-06T06:11:26","guid":{"rendered":"https:\/\/ent2d.ac-bordeaux.fr\/disciplines\/italien\/?p=582"},"modified":"2019-02-06T15:04:30","modified_gmt":"2019-02-06T14:04:30","slug":"projet-erasmus-lycee-dhotellerie-de-talence-et-lipsseoa-de-giarre-en-sicile","status":"publish","type":"post","link":"https:\/\/ent2d.ac-bordeaux.fr\/disciplines\/italien\/2019\/02\/projet-erasmus-lycee-dhotellerie-de-talence-et-lipsseoa-de-giarre-en-sicile\/","title":{"rendered":"Projet Erasmus+ Lyc\u00e9e d&rsquo;h\u00f4tellerie de Talence et l&rsquo;IPSSEOA de Giarre en Sicile"},"content":{"rendered":"<pre><img loading=\"lazy\" decoding=\"async\" class=\"alignnone wp-image-584 alignleft\" src=\"https:\/\/ent2d.ac-bordeaux.fr\/disciplines\/italien\/wp-content\/uploads\/sites\/12\/2019\/02\/carre-cote-atlantique-300x300.jpg\" alt=\"\" width=\"177\" height=\"177\" srcset=\"https:\/\/ent2d.ac-bordeaux.fr\/disciplines\/italien\/wp-content\/uploads\/sites\/12\/2019\/02\/carre-cote-atlantique-300x300.jpg 300w, https:\/\/ent2d.ac-bordeaux.fr\/disciplines\/italien\/wp-content\/uploads\/sites\/12\/2019\/02\/carre-cote-atlantique-150x150.jpg 150w, https:\/\/ent2d.ac-bordeaux.fr\/disciplines\/italien\/wp-content\/uploads\/sites\/12\/2019\/02\/carre-cote-atlantique.jpg 330w\" sizes=\"auto, (max-width: 177px) 100vw, 177px\" \/>\u00a0<img loading=\"lazy\" decoding=\"async\" class=\"alignnone wp-image-583 alignleft\" src=\"https:\/\/ent2d.ac-bordeaux.fr\/disciplines\/italien\/wp-content\/uploads\/sites\/12\/2019\/02\/images.jpg\" alt=\"\" width=\"183\" height=\"177\" \/>\r\n<strong>Le projet Erasmus+ sur le th\u00e8me <em>\"Cibo, cultura e tradizioni al confronto: la ricchezza della diversit\u00e0\u201d<\/em> se d\u00e9roulera entre deux \u00e9tablissements partenaires : le lyc\u00e9e d\u2019h\u00f4tellerie et de tourisme de Talence et l\u2019IPSSEOA de Giarre en Sicile.<\/strong>\r\n\r\n<strong>Une soir\u00e9e d\u2019informations ouverte aux instances de la r\u00e9gion est pr\u00e9vue le jeudi 21 mars prochain.<\/strong><\/pre>\n","protected":false},"excerpt":{"rendered":"<p>\u00a0 Le projet Erasmus+ sur le th\u00e8me \u00ab\u00a0Cibo, cultura e tradizioni al confronto: la ricchezza della diversit\u00e0\u201d se d\u00e9roulera entre deux \u00e9tablissements partenaires : le lyc\u00e9e d\u2019h\u00f4tellerie et de tourisme &#8230;<\/p>\n","protected":false},"author":42,"featured_media":583,"comment_status":"open","ping_status":"closed","sticky":false,"template":"","format":"standard","meta":{"footnotes":""},"categories":[1],"tags":[],"class_list":["post-582","post","type-post","status-publish","format-standard","has-post-thumbnail","hentry","category-non-classe"],"_links":{"self":[{"href":"https:\/\/ent2d.ac-bordeaux.fr\/disciplines\/italien\/wp-json\/wp\/v2\/posts\/582","targetHints":{"allow":["GET"]}}],"collection":[{"href":"https:\/\/ent2d.ac-bordeaux.fr\/disciplines\/italien\/wp-json\/wp\/v2\/posts"}],"about":[{"href":"https:\/\/ent2d.ac-bordeaux.fr\/disciplines\/italien\/wp-json\/wp\/v2\/types\/post"}],"author":[{"embeddable":true,"href":"https:\/\/ent2d.ac-bordeaux.fr\/disciplines\/italien\/wp-json\/wp\/v2\/users\/42"}],"replies":[{"embeddable":true,"href":"https:\/\/ent2d.ac-bordeaux.fr\/disciplines\/italien\/wp-json\/wp\/v2\/comments?post=582"}],"version-history":[{"count":1,"href":"https:\/\/ent2d.ac-bordeaux.fr\/disciplines\/italien\/wp-json\/wp\/v2\/posts\/582\/revisions"}],"predecessor-version":[{"id":585,"href":"https:\/\/ent2d.ac-bordeaux.fr\/disciplines\/italien\/wp-json\/wp\/v2\/posts\/582\/revisions\/585"}],"wp:featuredmedia":[{"embeddable":true,"href":"https:\/\/ent2d.ac-bordeaux.fr\/disciplines\/italien\/wp-json\/wp\/v2\/media\/583"}],"wp:attachment":[{"href":"https:\/\/ent2d.ac-bordeaux.fr\/disciplines\/italien\/wp-json\/wp\/v2\/media?parent=582"}],"wp:term":[{"taxonomy":"category","embeddable":true,"href":"https:\/\/ent2d.ac-bordeaux.fr\/disciplines\/italien\/wp-json\/wp\/v2\/categories?post=582"},{"taxonomy":"post_tag","embeddable":true,"href":"https:\/\/ent2d.ac-bordeaux.fr\/disciplines\/italien\/wp-json\/wp\/v2\/tags?post=582"}],"curies":[{"name":"wp","href":"https:\/\/api.w.org\/{rel}","templated":true}]}}