{"id":563,"date":"2020-09-28T08:27:00","date_gmt":"2020-09-28T06:27:00","guid":{"rendered":"https:\/\/ent2d.ac-bordeaux.fr\/disciplines\/italien\/?p=563"},"modified":"2020-09-28T08:43:08","modified_gmt":"2020-09-28T06:43:08","slug":"quinzaine-du-cinema-italien-47","status":"publish","type":"post","link":"https:\/\/ent2d.ac-bordeaux.fr\/disciplines\/italien\/2020\/09\/quinzaine-du-cinema-italien-47\/","title":{"rendered":"Semaine du cin\u00e9ma italien (47)"},"content":{"rendered":"<h5><strong>Une \u00ab Semaine du cin\u00e9ma italien \u00bb \u00e0 Monsempron-Libos, en Lot-et-Garonne.<\/strong><\/h5>\n<p style=\"text-align: center\"><img loading=\"lazy\" decoding=\"async\" class=\"alignnone wp-image-567\" src=\"https:\/\/ent2d.ac-bordeaux.fr\/disciplines\/italien\/wp-content\/uploads\/sites\/12\/2019\/01\/200px-Italy_film_clapperboard.svg_.png\" alt=\"\" width=\"122\" height=\"122\" srcset=\"https:\/\/ent2d.ac-bordeaux.fr\/disciplines\/italien\/wp-content\/uploads\/sites\/12\/2019\/01\/200px-Italy_film_clapperboard.svg_.png 200w, https:\/\/ent2d.ac-bordeaux.fr\/disciplines\/italien\/wp-content\/uploads\/sites\/12\/2019\/01\/200px-Italy_film_clapperboard.svg_-150x150.png 150w\" sizes=\"auto, (max-width: 122px) 100vw, 122px\" \/><\/p>\n<pre><strong>Du 15 au 18 octobre 2020<\/strong> se tiendra au <strong>cin\u00e9ma <em>Le Liberty<\/em> de Monsempron-Libos<\/strong>, pr\u00e8s de Fumel, une semaine du cin\u00e9ma italien.\n\n&gt; Voici le programme de la <strong><a href=\"https:\/\/ent2d.ac-bordeaux.fr\/disciplines\/italien\/wp-content\/uploads\/sites\/12\/2019\/01\/programme-semaine-cin\u00e9-italien-2020.pdf\">programme semaine cin\u00e9 italien 2020<\/a> <\/strong>(tous les films sont en VO sous-titr\u00e9e).\n\nCette initiative, propos\u00e9e par M. Turiaf, Mme Founaud-Veysset et M. Romeo (respectivement directeur du Cin\u00e9ma <em>Le Liberty<\/em> de Monsempron-Libos, professeure documentaliste au lyc\u00e9e de Fumel et professeur d\u2019italien au lyc\u00e9e de Fumel) est n\u00e9e en 2018 de la volont\u00e9 d\u2019une ouverture culturelle et linguistique sur l\u2019Italie et l\u2019italien dans le Villeneuvois et le Fum\u00e9lois.\n\nCette langue est d\u2019ailleurs enseign\u00e9e dans les coll\u00e8ges Andr\u00e9 Crochepierre de Villeneuve sur Lot et Damira Asperti de Penne d\u2019Agenais ainsi qu\u2019au kyc\u00e9e Georges Leygues de Villeneuve sur Lot. Les \u00e9l\u00e8ves de ces \u00e9tablissements pourront profiter de s\u00e9ances scolaires pour d\u00e9couvrir ces films en italien.<img loading=\"lazy\" decoding=\"async\" class=\"alignnone size-medium wp-image-566 aligncenter\" src=\"https:\/\/ent2d.ac-bordeaux.fr\/disciplines\/italien\/wp-content\/uploads\/sites\/12\/2019\/01\/24232416_1532061n-300x196.png\" alt=\"\" width=\"300\" height=\"196\" srcset=\"https:\/\/ent2d.ac-bordeaux.fr\/disciplines\/italien\/wp-content\/uploads\/sites\/12\/2019\/01\/24232416_1532061n-300x196.png 300w, https:\/\/ent2d.ac-bordeaux.fr\/disciplines\/italien\/wp-content\/uploads\/sites\/12\/2019\/01\/24232416_1532061n-768x502.png 768w, https:\/\/ent2d.ac-bordeaux.fr\/disciplines\/italien\/wp-content\/uploads\/sites\/12\/2019\/01\/24232416_1532061n.png 911w\" sizes=\"auto, (max-width: 300px) 100vw, 300px\" \/><\/pre>\n","protected":false},"excerpt":{"rendered":"<p>Une \u00ab Semaine du cin\u00e9ma italien \u00bb \u00e0 Monsempron-Libos, en Lot-et-Garonne. Du 15 au 18 octobre 2020 se tiendra au cin\u00e9ma Le Liberty de Monsempron-Libos, pr\u00e8s de Fumel, une semaine &#8230;<\/p>\n","protected":false},"author":42,"featured_media":564,"comment_status":"open","ping_status":"closed","sticky":false,"template":"","format":"standard","meta":{"footnotes":""},"categories":[1],"tags":[],"class_list":["post-563","post","type-post","status-publish","format-standard","has-post-thumbnail","hentry","category-non-classe"],"_links":{"self":[{"href":"https:\/\/ent2d.ac-bordeaux.fr\/disciplines\/italien\/wp-json\/wp\/v2\/posts\/563","targetHints":{"allow":["GET"]}}],"collection":[{"href":"https:\/\/ent2d.ac-bordeaux.fr\/disciplines\/italien\/wp-json\/wp\/v2\/posts"}],"about":[{"href":"https:\/\/ent2d.ac-bordeaux.fr\/disciplines\/italien\/wp-json\/wp\/v2\/types\/post"}],"author":[{"embeddable":true,"href":"https:\/\/ent2d.ac-bordeaux.fr\/disciplines\/italien\/wp-json\/wp\/v2\/users\/42"}],"replies":[{"embeddable":true,"href":"https:\/\/ent2d.ac-bordeaux.fr\/disciplines\/italien\/wp-json\/wp\/v2\/comments?post=563"}],"version-history":[{"count":5,"href":"https:\/\/ent2d.ac-bordeaux.fr\/disciplines\/italien\/wp-json\/wp\/v2\/posts\/563\/revisions"}],"predecessor-version":[{"id":941,"href":"https:\/\/ent2d.ac-bordeaux.fr\/disciplines\/italien\/wp-json\/wp\/v2\/posts\/563\/revisions\/941"}],"wp:featuredmedia":[{"embeddable":true,"href":"https:\/\/ent2d.ac-bordeaux.fr\/disciplines\/italien\/wp-json\/wp\/v2\/media\/564"}],"wp:attachment":[{"href":"https:\/\/ent2d.ac-bordeaux.fr\/disciplines\/italien\/wp-json\/wp\/v2\/media?parent=563"}],"wp:term":[{"taxonomy":"category","embeddable":true,"href":"https:\/\/ent2d.ac-bordeaux.fr\/disciplines\/italien\/wp-json\/wp\/v2\/categories?post=563"},{"taxonomy":"post_tag","embeddable":true,"href":"https:\/\/ent2d.ac-bordeaux.fr\/disciplines\/italien\/wp-json\/wp\/v2\/tags?post=563"}],"curies":[{"name":"wp","href":"https:\/\/api.w.org\/{rel}","templated":true}]}}