{"id":1703,"date":"2025-02-19T19:08:45","date_gmt":"2025-02-19T18:08:45","guid":{"rendered":"https:\/\/ent2d.ac-bordeaux.fr\/disciplines\/italien\/?p=1703"},"modified":"2025-02-19T19:08:45","modified_gmt":"2025-02-19T18:08:45","slug":"litalien-au-lycee-sud-medoc-le-taillan","status":"publish","type":"post","link":"https:\/\/ent2d.ac-bordeaux.fr\/disciplines\/italien\/2025\/02\/litalien-au-lycee-sud-medoc-le-taillan\/","title":{"rendered":"L&rsquo;italien au lyc\u00e9e Sud-M\u00e9doc \/ Le Taillan"},"content":{"rendered":"\n<p class=\"has-text-align-center has-black-color has-text-color has-link-color has-medium-font-size wp-elements-ee746f43bff22277c0aa572f0c348008\"><strong>Prof.ssa Talamoni<\/strong> &#8211; Ann\u00e9e scolaire 2024\/2025<\/p>\n\n\n\n<p class=\"has-text-align-center has-black-color has-vivid-green-cyan-background-color has-text-color has-background has-link-color has-medium-font-size wp-elements-fefc089a15d455e3b44ffc6b0223ee32\"><strong>L&rsquo;atelier des \u00e9l\u00e8ves de Terminale LVC : pratique d&rsquo;une langue \u00e9trang\u00e8re par le th\u00e9\u00e2tre<\/strong><\/p>\n\n\n<div class=\"wp-block-image\">\n<figure class=\"aligncenter size-full is-resized\"><img loading=\"lazy\" decoding=\"async\" width=\"625\" height=\"468\" src=\"https:\/\/ent2d.ac-bordeaux.fr\/disciplines\/italien\/wp-content\/uploads\/sites\/12\/2025\/02\/Lyc-SM-1-1.jpg\" alt=\"\" class=\"wp-image-1710\" style=\"width:394px;height:auto\" srcset=\"https:\/\/ent2d.ac-bordeaux.fr\/disciplines\/italien\/wp-content\/uploads\/sites\/12\/2025\/02\/Lyc-SM-1-1.jpg 625w, https:\/\/ent2d.ac-bordeaux.fr\/disciplines\/italien\/wp-content\/uploads\/sites\/12\/2025\/02\/Lyc-SM-1-1-300x225.jpg 300w\" sizes=\"auto, (max-width: 625px) 100vw, 625px\" \/><\/figure>\n<\/div>\n\n\n<p>Cette ann\u00e9e, j\u2019ai propos\u00e9 aux \u00e9l\u00e8ves italianistes de Terminale un atelier th\u00e9\u00e2tre pour leur montrer que nous pouvons tout faire dans une langue \u00e9trang\u00e8re, m\u00eame du th\u00e9\u00e2tre !<\/p>\n\n\n\n<p>Pour m\u2019aider j\u2019ai pu compter sur l&rsquo;aide pr\u00e9cieuse de Laetitia Mounier et S\u00e9bastien Derlich \u00a0de la \u00ab\u00a0Compagnie \u00e0 coucher dehors\u00a0\u00bb de Saint M\u00e9dard en Jalles. Les premi\u00e8res s\u00e9ances ont \u00e9t\u00e9 une entr\u00e9e en mati\u00e8re par des \u00ab\u00a0jeux\u00a0\u00bb permettant aux \u00e9l\u00e8ves de se sentir \u00e0 l&rsquo;aise en public et de moduler leur voix.<\/p>\n\n\n\n<p>Ensuite nous avons commenc\u00e9 \u00e0 travailler l\u2019interpr\u00e9tation et la mise en sc\u00e8ne des trois extraits choisis en suivant le th\u00e8me \u00ab&nbsp;Avec Pirandello, du rire aux larmes&nbsp;\u00bb.<\/p>\n\n\n\n<p>Le premier extrait \u00e9tait tir\u00e9 de l\u2019\u0153uvre \u00ab&nbsp;La jarre&nbsp;\u00bb<em> (La giara)<\/em>, le deuxi\u00e8me de l\u2019\u0153uvre \u00ab&nbsp;Le brevet de sorcier&nbsp;\u00bb <em>(La patente) <\/em>et le dernier de \u00ab&nbsp;A chacun sa v\u00e9rit\u00e9&nbsp;\u00bb <em>(Cos\u00ec \u00e8, se vi pare)<\/em>.<\/p>\n\n\n\n<p>Apr\u00e8s plusieurs s\u00e9ances de travail intense, jeudi 13 f\u00e9vrier 2025 mes jeunes \u00ab\u00a0acteurs en herbe\u00a0\u00bb \u00e9taient pr\u00eats et ont r\u00e9cit\u00e9 devant un public qui a appr\u00e9ci\u00e9 leur travail et leur jeu sc\u00e9nique malgr\u00e9 une langue pour eux \u00e9trang\u00e8re\u00a0! Sous une avalanche d\u2019applaudissements notre exp\u00e9rience th\u00e9\u00e2trale est termin\u00e9e pour cette ann\u00e9e mais certains se rappelleront longtemps de leur passage sur les planches\u00a0!<\/p>\n\n\n<div class=\"wp-block-image\">\n<figure class=\"aligncenter size-full is-resized\"><img loading=\"lazy\" decoding=\"async\" width=\"808\" height=\"387\" src=\"https:\/\/ent2d.ac-bordeaux.fr\/disciplines\/italien\/wp-content\/uploads\/sites\/12\/2025\/02\/Lyc-SM-2-1.png\" alt=\"\" class=\"wp-image-1709\" style=\"width:493px;height:auto\" srcset=\"https:\/\/ent2d.ac-bordeaux.fr\/disciplines\/italien\/wp-content\/uploads\/sites\/12\/2025\/02\/Lyc-SM-2-1.png 808w, https:\/\/ent2d.ac-bordeaux.fr\/disciplines\/italien\/wp-content\/uploads\/sites\/12\/2025\/02\/Lyc-SM-2-1-300x144.png 300w, https:\/\/ent2d.ac-bordeaux.fr\/disciplines\/italien\/wp-content\/uploads\/sites\/12\/2025\/02\/Lyc-SM-2-1-768x368.png 768w\" sizes=\"auto, (max-width: 808px) 100vw, 808px\" \/><\/figure>\n<\/div>\n\n\n<p class=\"has-text-align-center has-black-color has-vivid-red-background-color has-text-color has-background has-link-color has-medium-font-size wp-elements-2b8a87256d788d13d8d9ef8ffaebf4b9\"><strong>L\u2019\u00e9change des \u00e9l\u00e8ves italianistes de Premi\u00e8re<\/strong><\/p>\n\n\n<div class=\"wp-block-image\">\n<figure class=\"aligncenter size-full is-resized\"><img loading=\"lazy\" decoding=\"async\" width=\"692\" height=\"501\" src=\"https:\/\/ent2d.ac-bordeaux.fr\/disciplines\/italien\/wp-content\/uploads\/sites\/12\/2025\/02\/Lyc-SM-4.jpg\" alt=\"\" class=\"wp-image-1708\" style=\"width:272px;height:auto\" srcset=\"https:\/\/ent2d.ac-bordeaux.fr\/disciplines\/italien\/wp-content\/uploads\/sites\/12\/2025\/02\/Lyc-SM-4.jpg 692w, https:\/\/ent2d.ac-bordeaux.fr\/disciplines\/italien\/wp-content\/uploads\/sites\/12\/2025\/02\/Lyc-SM-4-300x217.jpg 300w\" sizes=\"auto, (max-width: 692px) 100vw, 692px\" \/><\/figure>\n<\/div>\n\n\n<p>Comme chaque ann\u00e9e, les \u00e9l\u00e8ves italianistes de Premi\u00e8re ont particip\u00e9 \u00e0 l\u2019\u00e9change avec notre lyc\u00e9e partenaire de Terni.<\/p>\n\n\n\n<p>Nous avons accueilli le groupe des Italiens du 11 au 18 octobre 2024. La semaine en France a \u00e9t\u00e9 occup\u00e9e, entre autres, par un jeu de piste par \u00e9quipe dans le vieux Bordeaux et par une sortie sur le bassin d\u2019Arcachon r\u00e9alis\u00e9e malgr\u00e9 une pluie diluvienne et beaucoup de vent&nbsp;!!!<\/p>\n\n\n\n<p>Du 3 au 10 f\u00e9vrier 2025 nous sommes partis \u00e0 Terni. Malgr\u00e9 la saison, le temps a \u00e9t\u00e9 bien ensoleill\u00e9 et les paysages de l\u2019Ombrie toujours aussi magnifiques&nbsp;!<\/p>\n\n\n\n<p>Dans notre programme, il est devenu habituel de proposer des activit\u00e9s pour stimuler le c\u00f4t\u00e9 cr\u00e9atif de nos jeunes&nbsp;: cette ann\u00e9e, aid\u00e9s par un ma\u00eetre chocolatier de P\u00e9rouse, la ville du chocolat, ils ont produit des tablettes originales et gourmandes.<\/p>\n\n\n\n<p>Notre exp\u00e9rience a pris fin le lundi 10 apr\u00e8s une matin\u00e9e en cours : il y a eu beaucoup d&rsquo;\u00e9motions au moment du d\u00e9part et l\u2019espoir de cultiver ces amiti\u00e9s naissantes\u00a0!<\/p>\n\n\n\n<p>Maintenant nos jeunes vont confier \u00e0 leur carnet de voyage toutes les d\u00e9couvertes et les rencontres de cette belle exp\u00e9rience. Celle-ci s\u2019ach\u00e8ve pour cette ann\u00e9e scolaire mais sera renouvel\u00e9e l\u2019ann\u00e9e prochaine avec d\u2019autres jeunes qui sont d\u00e9j\u00e0 pr\u00eats \u00e0 vivre cet \u00e9change\u2026 <em>A presto!<\/em><\/p>\n\n\n<div class=\"wp-block-image\">\n<figure class=\"aligncenter size-full is-resized\"><img loading=\"lazy\" decoding=\"async\" width=\"703\" height=\"527\" src=\"https:\/\/ent2d.ac-bordeaux.fr\/disciplines\/italien\/wp-content\/uploads\/sites\/12\/2025\/02\/Lyc-SM-3.jpg\" alt=\"\" class=\"wp-image-1707\" style=\"width:345px;height:auto\" srcset=\"https:\/\/ent2d.ac-bordeaux.fr\/disciplines\/italien\/wp-content\/uploads\/sites\/12\/2025\/02\/Lyc-SM-3.jpg 703w, https:\/\/ent2d.ac-bordeaux.fr\/disciplines\/italien\/wp-content\/uploads\/sites\/12\/2025\/02\/Lyc-SM-3-300x225.jpg 300w\" sizes=\"auto, (max-width: 703px) 100vw, 703px\" \/><\/figure>\n<\/div>\n\n\n<p class=\"has-text-align-center has-black-color has-light-green-cyan-background-color has-text-color has-background has-link-color has-medium-font-size wp-elements-13ae64663a8e2a8a91d8d082f701ee03\"><strong>Mobilit\u00e9 individuelle\u00a0ou comment devenir \u00e9l\u00e8ve d\u2019un autre lyc\u00e9e<\/strong><\/p>\n\n\n\n<p>Depuis plusieurs ann\u00e9es, notre \u00e9tablissement a une convention avec notre lyc\u00e9e partenaire de Terni <em>(i Licei Angeloni)<\/em>, qui permet, de mani\u00e8re bilat\u00e9rale, d\u2019accueillir des jeunes des deux pays qui pourront ainsi vivre l\u2019exp\u00e9rience d\u2019\u00eatre \u00e9l\u00e8ve dans un autre \u00e9tablissement&nbsp;!<\/p>\n\n\n\n<p>Cette ann\u00e9e nous avons accueilli dans notre lyc\u00e9e cinq jeunes italiens du 13 janvier au 13 f\u00e9vrier&nbsp;: Andrea, Denise, Elisa, Matilde e Sara ont \u00e9t\u00e9 int\u00e9gr\u00e9s dans quatre classes de notre lyc\u00e9e et ils ont ainsi d\u00e9couvert un nouveau rythme scolaire ainsi que de nouvelles mati\u00e8res comme par exemple notre sp\u00e9cialit\u00e9 HLP.<\/p>\n\n\n\n<p>A pr\u00e9sent, ce sont nos cinq \u00e9l\u00e8ves qui commencent l\u2019aventure en Italie&nbsp;: ils sont partis avec leurs correspondants et resteront en Italie jusqu\u2019au 14 mars. Leurs sentiments au d\u00e9part&nbsp;? Une petite appr\u00e9hension de ne pas tout comprendre mais surtout une \u00e9norme envie de d\u00e9couvrir comment vit un lyc\u00e9en en Italie&nbsp;! On leur souhaite un bon s\u00e9jour&nbsp;!!!<\/p>\n","protected":false},"excerpt":{"rendered":"<p>Prof.ssa Talamoni &#8211; Ann\u00e9e scolaire 2024\/2025 L&rsquo;atelier des \u00e9l\u00e8ves de Terminale LVC : pratique d&rsquo;une langue \u00e9trang\u00e8re par le th\u00e9\u00e2tre Cette ann\u00e9e, j\u2019ai propos\u00e9 aux \u00e9l\u00e8ves italianistes de Terminale un &#8230;<\/p>\n","protected":false},"author":42,"featured_media":1711,"comment_status":"closed","ping_status":"closed","sticky":false,"template":"","format":"standard","meta":{"footnotes":""},"categories":[1],"tags":[],"class_list":["post-1703","post","type-post","status-publish","format-standard","has-post-thumbnail","hentry","category-non-classe"],"_links":{"self":[{"href":"https:\/\/ent2d.ac-bordeaux.fr\/disciplines\/italien\/wp-json\/wp\/v2\/posts\/1703","targetHints":{"allow":["GET"]}}],"collection":[{"href":"https:\/\/ent2d.ac-bordeaux.fr\/disciplines\/italien\/wp-json\/wp\/v2\/posts"}],"about":[{"href":"https:\/\/ent2d.ac-bordeaux.fr\/disciplines\/italien\/wp-json\/wp\/v2\/types\/post"}],"author":[{"embeddable":true,"href":"https:\/\/ent2d.ac-bordeaux.fr\/disciplines\/italien\/wp-json\/wp\/v2\/users\/42"}],"replies":[{"embeddable":true,"href":"https:\/\/ent2d.ac-bordeaux.fr\/disciplines\/italien\/wp-json\/wp\/v2\/comments?post=1703"}],"version-history":[{"count":1,"href":"https:\/\/ent2d.ac-bordeaux.fr\/disciplines\/italien\/wp-json\/wp\/v2\/posts\/1703\/revisions"}],"predecessor-version":[{"id":1712,"href":"https:\/\/ent2d.ac-bordeaux.fr\/disciplines\/italien\/wp-json\/wp\/v2\/posts\/1703\/revisions\/1712"}],"wp:featuredmedia":[{"embeddable":true,"href":"https:\/\/ent2d.ac-bordeaux.fr\/disciplines\/italien\/wp-json\/wp\/v2\/media\/1711"}],"wp:attachment":[{"href":"https:\/\/ent2d.ac-bordeaux.fr\/disciplines\/italien\/wp-json\/wp\/v2\/media?parent=1703"}],"wp:term":[{"taxonomy":"category","embeddable":true,"href":"https:\/\/ent2d.ac-bordeaux.fr\/disciplines\/italien\/wp-json\/wp\/v2\/categories?post=1703"},{"taxonomy":"post_tag","embeddable":true,"href":"https:\/\/ent2d.ac-bordeaux.fr\/disciplines\/italien\/wp-json\/wp\/v2\/tags?post=1703"}],"curies":[{"name":"wp","href":"https:\/\/api.w.org\/{rel}","templated":true}]}}