{"id":1534,"date":"2024-06-07T15:54:52","date_gmt":"2024-06-07T13:54:52","guid":{"rendered":"https:\/\/ent2d.ac-bordeaux.fr\/disciplines\/italien\/?p=1534"},"modified":"2024-06-07T16:10:59","modified_gmt":"2024-06-07T14:10:59","slug":"che-storia-court-metrage","status":"publish","type":"post","link":"https:\/\/ent2d.ac-bordeaux.fr\/disciplines\/italien\/2024\/06\/che-storia-court-metrage\/","title":{"rendered":"Che storia! Court m\u00e9trage"},"content":{"rendered":"<div class=\"wp-block-image\">\n<figure class=\"aligncenter size-full\"><img loading=\"lazy\" decoding=\"async\" width=\"225\" height=\"225\" src=\"https:\/\/ent2d.ac-bordeaux.fr\/disciplines\/italien\/wp-content\/uploads\/sites\/12\/2024\/06\/telechargement.png\" alt=\"\" class=\"wp-image-1542\" srcset=\"https:\/\/ent2d.ac-bordeaux.fr\/disciplines\/italien\/wp-content\/uploads\/sites\/12\/2024\/06\/telechargement.png 225w, https:\/\/ent2d.ac-bordeaux.fr\/disciplines\/italien\/wp-content\/uploads\/sites\/12\/2024\/06\/telechargement-150x150.png 150w\" sizes=\"auto, (max-width: 225px) 100vw, 225px\" \/><\/figure>\n<\/div>\n\n\n<p class=\"has-white-background-color has-background has-medium-font-size\"><strong><a href=\"https:\/\/drive.google.com\/file\/d\/1lo8npV1OJvSOYBVpU9DM45FUt-R4MRgj\/view?ts=6662d566\" data-type=\"link\" data-id=\"https:\/\/drive.google.com\/file\/d\/1lo8npV1OJvSOYBVpU9DM45FUt-R4MRgj\/view?ts=6662d566\" target=\"_blank\" rel=\"noreferrer noopener\">Voici un court m\u00e9trage<\/a> r\u00e9alis\u00e9 avec les \u00e9l\u00e8ves de 3\u00e8me de Mme Garbuio du coll\u00e8ge Crochepierre de Villeneuve-sur-Lot dans le cadre du projet cour(t)s d&rsquo;histoire avec le <a href=\"https:\/\/www.rahmi.fr\/\" data-type=\"link\" data-id=\"https:\/\/www.rahmi.fr\/\" target=\"_blank\" rel=\"noreferrer noopener\">Rahmi<\/a> (R\u00e9seau des acteurs de l&rsquo;histoire et de la m\u00e9moire de l&rsquo;immigration).<\/strong><\/p>\n\n\n<div class=\"wp-block-image\">\n<figure class=\"aligncenter size-full\"><img loading=\"lazy\" decoding=\"async\" width=\"229\" height=\"139\" src=\"https:\/\/ent2d.ac-bordeaux.fr\/disciplines\/italien\/wp-content\/uploads\/sites\/12\/2024\/06\/rahmi.jpg\" alt=\"\" class=\"wp-image-1535\" \/><\/figure>\n<\/div>\n\n\n<p class=\"has-black-color has-vivid-green-cyan-background-color has-text-color has-background has-link-color has-medium-font-size wp-elements-6f56f1767fb32efc7d470e298e050576\"><strong>Il s&rsquo;agissait de retracer le parcours migratoire d&rsquo;immigr\u00e9s. <\/strong><\/p>\n\n\n<div class=\"wp-block-image\">\n<figure class=\"aligncenter size-full\"><img loading=\"lazy\" decoding=\"async\" width=\"335\" height=\"335\" src=\"https:\/\/ent2d.ac-bordeaux.fr\/disciplines\/italien\/wp-content\/uploads\/sites\/12\/2024\/06\/jpg_immigrazione_logo_01-2.jpg\" alt=\"\" class=\"wp-image-1540\" srcset=\"https:\/\/ent2d.ac-bordeaux.fr\/disciplines\/italien\/wp-content\/uploads\/sites\/12\/2024\/06\/jpg_immigrazione_logo_01-2.jpg 335w, https:\/\/ent2d.ac-bordeaux.fr\/disciplines\/italien\/wp-content\/uploads\/sites\/12\/2024\/06\/jpg_immigrazione_logo_01-2-300x300.jpg 300w, https:\/\/ent2d.ac-bordeaux.fr\/disciplines\/italien\/wp-content\/uploads\/sites\/12\/2024\/06\/jpg_immigrazione_logo_01-2-150x150.jpg 150w\" sizes=\"auto, (max-width: 335px) 100vw, 335px\" \/><\/figure>\n<\/div>\n\n\n<p class=\"has-black-color has-vivid-red-background-color has-text-color has-background has-link-color has-medium-font-size wp-elements-6b6982106919ff374cef83dde63062ec\"><strong>La classe est arriv\u00e9e 3\u00e8me ex aequo sur 15 \u00e9tablissements de toute la r\u00e9gion ! La c\u00e9r\u00e9monie de visionnage a eu lieu lundi 3 \u00e0 l&rsquo;h\u00f4tel de r\u00e9gion \u00e0 Bordeaux en pr\u00e9sence de l&rsquo;historien Pascal Blanchard qui est \u00e0 l&rsquo;origine de ce projet dont c&rsquo;\u00e9tait la 3\u00e8me \u00e9dition.<\/strong><\/p>\n","protected":false},"excerpt":{"rendered":"<p>Voici un court m\u00e9trage r\u00e9alis\u00e9 avec les \u00e9l\u00e8ves de 3\u00e8me de Mme Garbuio du coll\u00e8ge Crochepierre de Villeneuve-sur-Lot dans le cadre du projet cour(t)s d&rsquo;histoire avec le Rahmi (R\u00e9seau des &#8230;<\/p>\n","protected":false},"author":42,"featured_media":1537,"comment_status":"closed","ping_status":"closed","sticky":false,"template":"","format":"standard","meta":{"footnotes":""},"categories":[1],"tags":[],"class_list":["post-1534","post","type-post","status-publish","format-standard","has-post-thumbnail","hentry","category-non-classe"],"_links":{"self":[{"href":"https:\/\/ent2d.ac-bordeaux.fr\/disciplines\/italien\/wp-json\/wp\/v2\/posts\/1534","targetHints":{"allow":["GET"]}}],"collection":[{"href":"https:\/\/ent2d.ac-bordeaux.fr\/disciplines\/italien\/wp-json\/wp\/v2\/posts"}],"about":[{"href":"https:\/\/ent2d.ac-bordeaux.fr\/disciplines\/italien\/wp-json\/wp\/v2\/types\/post"}],"author":[{"embeddable":true,"href":"https:\/\/ent2d.ac-bordeaux.fr\/disciplines\/italien\/wp-json\/wp\/v2\/users\/42"}],"replies":[{"embeddable":true,"href":"https:\/\/ent2d.ac-bordeaux.fr\/disciplines\/italien\/wp-json\/wp\/v2\/comments?post=1534"}],"version-history":[{"count":5,"href":"https:\/\/ent2d.ac-bordeaux.fr\/disciplines\/italien\/wp-json\/wp\/v2\/posts\/1534\/revisions"}],"predecessor-version":[{"id":1543,"href":"https:\/\/ent2d.ac-bordeaux.fr\/disciplines\/italien\/wp-json\/wp\/v2\/posts\/1534\/revisions\/1543"}],"wp:featuredmedia":[{"embeddable":true,"href":"https:\/\/ent2d.ac-bordeaux.fr\/disciplines\/italien\/wp-json\/wp\/v2\/media\/1537"}],"wp:attachment":[{"href":"https:\/\/ent2d.ac-bordeaux.fr\/disciplines\/italien\/wp-json\/wp\/v2\/media?parent=1534"}],"wp:term":[{"taxonomy":"category","embeddable":true,"href":"https:\/\/ent2d.ac-bordeaux.fr\/disciplines\/italien\/wp-json\/wp\/v2\/categories?post=1534"},{"taxonomy":"post_tag","embeddable":true,"href":"https:\/\/ent2d.ac-bordeaux.fr\/disciplines\/italien\/wp-json\/wp\/v2\/tags?post=1534"}],"curies":[{"name":"wp","href":"https:\/\/api.w.org\/{rel}","templated":true}]}}