{"id":1385,"date":"2024-01-14T11:06:42","date_gmt":"2024-01-14T10:06:42","guid":{"rendered":"https:\/\/ent2d.ac-bordeaux.fr\/disciplines\/italien\/?p=1385"},"modified":"2024-01-14T11:20:27","modified_gmt":"2024-01-14T10:20:27","slug":"essere-se-stessi","status":"publish","type":"post","link":"https:\/\/ent2d.ac-bordeaux.fr\/disciplines\/italien\/2024\/01\/essere-se-stessi\/","title":{"rendered":"Essere se stessi"},"content":{"rendered":"\n<div class=\"wp-block-media-text is-stacked-on-mobile\"><figure class=\"wp-block-media-text__media\"><img loading=\"lazy\" decoding=\"async\" width=\"482\" height=\"361\" src=\"https:\/\/ent2d.ac-bordeaux.fr\/disciplines\/italien\/wp-content\/uploads\/sites\/12\/2024\/01\/sud-medoc.jpg\" alt=\"\" class=\"wp-image-1386 size-full\" srcset=\"https:\/\/ent2d.ac-bordeaux.fr\/disciplines\/italien\/wp-content\/uploads\/sites\/12\/2024\/01\/sud-medoc.jpg 482w, https:\/\/ent2d.ac-bordeaux.fr\/disciplines\/italien\/wp-content\/uploads\/sites\/12\/2024\/01\/sud-medoc-300x225.jpg 300w\" sizes=\"auto, (max-width: 482px) 100vw, 482px\" \/><\/figure><div class=\"wp-block-media-text__content\">\n<p><strong>Les italianistes du lyc\u00e9e Sud M\u00e9doc-La Bo\u00e9tie (Le Taillan) s\u2019engagent dans la lutte contre le harc\u00e8lement<\/strong> !<\/p>\n\n\n\n<p>Apr\u00e8s avoir travaill\u00e9 sur le th\u00e8me \u00ab\u00a0Essere se stessi\u00a0\u00bb, les \u00e9l\u00e8ves de Terminale ont anim\u00e9 un stand photo \u00e0 l\u2019occasion de la semaine contre le harc\u00e8lement du 6 au 10 novembre 2023.<\/p>\n\n\n\n<p>Les \u00e9l\u00e8ves du lyc\u00e9e \u00e9taient appel\u00e9s \u00e0 venir en groupe pour prendre une photo montrant la tol\u00e9rance. S\u2019ils le souhaitaient, ils pouvaient aussi d\u00e9poser un slogan.<\/p>\n\n\n\n<p>Le tout a donn\u00e9 vie \u00e0 l\u2019exposition \u00ab\u00a0Soi-m\u00eame\u00a0\u00bb visible encore aujourd\u2019hui dans l\u2019agora de l&rsquo;\u00e9tablissement.<\/p>\n<\/div><\/div>\n","protected":false},"excerpt":{"rendered":"<p>Les italianistes du lyc\u00e9e Sud M\u00e9doc-La Bo\u00e9tie (Le Taillan) s\u2019engagent dans la lutte contre le harc\u00e8lement ! Apr\u00e8s avoir travaill\u00e9 sur le th\u00e8me \u00ab\u00a0Essere se stessi\u00a0\u00bb, les \u00e9l\u00e8ves de Terminale &#8230;<\/p>\n","protected":false},"author":42,"featured_media":1388,"comment_status":"closed","ping_status":"closed","sticky":false,"template":"","format":"standard","meta":{"footnotes":""},"categories":[1],"tags":[],"class_list":["post-1385","post","type-post","status-publish","format-standard","has-post-thumbnail","hentry","category-non-classe"],"_links":{"self":[{"href":"https:\/\/ent2d.ac-bordeaux.fr\/disciplines\/italien\/wp-json\/wp\/v2\/posts\/1385","targetHints":{"allow":["GET"]}}],"collection":[{"href":"https:\/\/ent2d.ac-bordeaux.fr\/disciplines\/italien\/wp-json\/wp\/v2\/posts"}],"about":[{"href":"https:\/\/ent2d.ac-bordeaux.fr\/disciplines\/italien\/wp-json\/wp\/v2\/types\/post"}],"author":[{"embeddable":true,"href":"https:\/\/ent2d.ac-bordeaux.fr\/disciplines\/italien\/wp-json\/wp\/v2\/users\/42"}],"replies":[{"embeddable":true,"href":"https:\/\/ent2d.ac-bordeaux.fr\/disciplines\/italien\/wp-json\/wp\/v2\/comments?post=1385"}],"version-history":[{"count":1,"href":"https:\/\/ent2d.ac-bordeaux.fr\/disciplines\/italien\/wp-json\/wp\/v2\/posts\/1385\/revisions"}],"predecessor-version":[{"id":1387,"href":"https:\/\/ent2d.ac-bordeaux.fr\/disciplines\/italien\/wp-json\/wp\/v2\/posts\/1385\/revisions\/1387"}],"wp:featuredmedia":[{"embeddable":true,"href":"https:\/\/ent2d.ac-bordeaux.fr\/disciplines\/italien\/wp-json\/wp\/v2\/media\/1388"}],"wp:attachment":[{"href":"https:\/\/ent2d.ac-bordeaux.fr\/disciplines\/italien\/wp-json\/wp\/v2\/media?parent=1385"}],"wp:term":[{"taxonomy":"category","embeddable":true,"href":"https:\/\/ent2d.ac-bordeaux.fr\/disciplines\/italien\/wp-json\/wp\/v2\/categories?post=1385"},{"taxonomy":"post_tag","embeddable":true,"href":"https:\/\/ent2d.ac-bordeaux.fr\/disciplines\/italien\/wp-json\/wp\/v2\/tags?post=1385"}],"curies":[{"name":"wp","href":"https:\/\/api.w.org\/{rel}","templated":true}]}}