{"id":1268,"date":"2023-02-22T10:51:40","date_gmt":"2023-02-22T09:51:40","guid":{"rendered":"https:\/\/ent2d.ac-bordeaux.fr\/disciplines\/italien\/?p=1268"},"modified":"2023-12-11T08:30:25","modified_gmt":"2023-12-11T07:30:25","slug":"litalie-a-bordeaux-avec-les-eleves","status":"publish","type":"post","link":"https:\/\/ent2d.ac-bordeaux.fr\/disciplines\/italien\/2023\/02\/litalie-a-bordeaux-avec-les-eleves\/","title":{"rendered":"L&rsquo;Italie \u00e0 Bordeaux, avec les \u00e9l\u00e8ves"},"content":{"rendered":"\n<div class=\"wp-block-media-text alignwide is-stacked-on-mobile\" style=\"grid-template-columns:37% auto\"><figure class=\"wp-block-media-text__media\"><img loading=\"lazy\" decoding=\"async\" width=\"1024\" height=\"768\" src=\"https:\/\/ent2d.ac-bordeaux.fr\/disciplines\/italien\/wp-content\/uploads\/sites\/12\/2023\/12\/image_50376961-scaled.jpg\" alt=\"\" class=\"wp-image-1371 size-full\" srcset=\"https:\/\/ent2d.ac-bordeaux.fr\/disciplines\/italien\/wp-content\/uploads\/sites\/12\/2023\/12\/image_50376961-scaled.jpg 1024w, https:\/\/ent2d.ac-bordeaux.fr\/disciplines\/italien\/wp-content\/uploads\/sites\/12\/2023\/12\/image_50376961-300x225.jpg 300w, https:\/\/ent2d.ac-bordeaux.fr\/disciplines\/italien\/wp-content\/uploads\/sites\/12\/2023\/12\/image_50376961-768x576.jpg 768w, https:\/\/ent2d.ac-bordeaux.fr\/disciplines\/italien\/wp-content\/uploads\/sites\/12\/2023\/12\/image_50376961-1536x1152.jpg 1536w, https:\/\/ent2d.ac-bordeaux.fr\/disciplines\/italien\/wp-content\/uploads\/sites\/12\/2023\/12\/image_50376961-2048x1536.jpg 2048w\" sizes=\"auto, (max-width: 1024px) 100vw, 1024px\" \/><\/figure><div class=\"wp-block-media-text__content\">\n<p><strong>Les \u00e9l\u00e8ves des coll\u00e8ges Cassignol et Mons\u00e9jour de Bordeaux dans le cadre du festival Viva Italia ont assist\u00e9 \u00e0 deux spectacles \u00e0 l&rsquo;auditorium de Bordeaux les 5 et 10 d\u00e9cembre 2023 : un r\u00e9cital consacr\u00e9 au bel canto italien, patrimoine immat\u00e9riel de l&rsquo;humanit\u00e9 et l&rsquo;autre \u00e0 Donizetti et \u00e0 son bel L&rsquo;\u00e9lixir d&rsquo;amour<\/strong>. Evviva l&rsquo;Italia !<\/p>\n<\/div><\/div>\n\n\n\n<div class=\"wp-block-media-text alignwide has-media-on-the-right is-stacked-on-mobile\" style=\"grid-template-columns:auto 46%\"><div class=\"wp-block-media-text__content\">\n<h2 class=\"wp-block-heading\">&gt; Soir\u00e9e Op\u00e9ra au Grand-Th\u00e9\u00e2tre avec La Favorite de Donizetti<\/h2>\n\n\n\n<p>A peine revenus de Milan ou de Florence, superbe surprise pour les \u00e9l\u00e8ves de la Premi\u00e8re EsaBAC ce <strong>jeudi soir 9 mars 2023<\/strong> que cet op\u00e9ra de <strong>Donizetti<\/strong>, <strong>La Favorite<\/strong>, donn\u00e9 au Grand-Th\u00e9\u00e2tre de Bordeaux ! Certes privil\u00e9gi\u00e9s par une passionnante s\u00e9ance de pr\u00e9paration \u00e0 la compr\u00e9hension de l&rsquo;\u0153uvre dispens\u00e9e en italien par le <strong>maestro Salvatore Caputo,<\/strong> ils sont n\u00e9anmoins rest\u00e9s stup\u00e9faits par les voix, le tempo de l&rsquo;orchestre et le spectacle de la mise en sc\u00e8ne ! Le lustre de la salle bordelaise faisait \u00e9cho \u00e0 celui de la Scala de Milan visit\u00e9e le mois dernier et venait couronner une <strong>ann\u00e9e de d\u00e9couverte de la litt\u00e9rature et de l&rsquo;histoire italiennes du XIXe si\u00e8cle ! Proprio lo spirito dell&rsquo;EsaBAC<\/strong>!<\/p>\n\n\n\n<p><\/p>\n<\/div><figure class=\"wp-block-media-text__media\"><img loading=\"lazy\" decoding=\"async\" width=\"800\" height=\"676\" src=\"https:\/\/ent2d.ac-bordeaux.fr\/disciplines\/italien\/wp-content\/uploads\/sites\/12\/2023\/03\/image.png\" alt=\"\" class=\"wp-image-1279 size-full\" srcset=\"https:\/\/ent2d.ac-bordeaux.fr\/disciplines\/italien\/wp-content\/uploads\/sites\/12\/2023\/03\/image.png 800w, https:\/\/ent2d.ac-bordeaux.fr\/disciplines\/italien\/wp-content\/uploads\/sites\/12\/2023\/03\/image-300x254.png 300w, https:\/\/ent2d.ac-bordeaux.fr\/disciplines\/italien\/wp-content\/uploads\/sites\/12\/2023\/03\/image-768x649.png 768w\" sizes=\"auto, (max-width: 800px) 100vw, 800px\" \/><\/figure><\/div>\n\n\n\n<div class=\"wp-block-media-text alignwide is-stacked-on-mobile\" style=\"grid-template-columns:26% auto\"><figure class=\"wp-block-media-text__media\"><img loading=\"lazy\" decoding=\"async\" width=\"768\" height=\"1024\" src=\"https:\/\/ent2d.ac-bordeaux.fr\/disciplines\/italien\/wp-content\/uploads\/sites\/12\/2023\/02\/unnamed-1-scaled.jpg\" alt=\"\" class=\"wp-image-1269 size-full\" srcset=\"https:\/\/ent2d.ac-bordeaux.fr\/disciplines\/italien\/wp-content\/uploads\/sites\/12\/2023\/02\/unnamed-1-scaled.jpg 768w, https:\/\/ent2d.ac-bordeaux.fr\/disciplines\/italien\/wp-content\/uploads\/sites\/12\/2023\/02\/unnamed-1-225x300.jpg 225w, https:\/\/ent2d.ac-bordeaux.fr\/disciplines\/italien\/wp-content\/uploads\/sites\/12\/2023\/02\/unnamed-1-1152x1536.jpg 1152w, https:\/\/ent2d.ac-bordeaux.fr\/disciplines\/italien\/wp-content\/uploads\/sites\/12\/2023\/02\/unnamed-1-1536x2048.jpg 1536w\" sizes=\"auto, (max-width: 768px) 100vw, 768px\" \/><\/figure><div class=\"wp-block-media-text__content\">\n<blockquote class=\"wp-block-quote has-text-align-center is-layout-flow wp-block-quote-is-layout-flow\">\n<p><strong>&gt; Film d&rsquo;Alain Ughetto <\/strong><\/p>\n<\/blockquote>\n\n\n\n<p class=\"has-large-font-size\"><em>Interdit aux chiens et aux Italiens<\/em><\/p>\n\n\n\n<p><strong>Sortie au cin\u00e9ma Utopia d\u00e9but f\u00e9vrier 2023 pour les \u00e9l\u00e8ves italianisants des coll\u00e8ges Mons\u00e9jour et Cassignol de Bordeaux.<\/strong><\/p>\n\n\n\n<blockquote class=\"wp-block-quote is-layout-flow wp-block-quote-is-layout-flow\">\n<p>&gt; Pour suivre l&rsquo;agenda des sorties propos\u00e9es aux \u00e9l\u00e8ves de ces deux \u00e9tablissements, cliquez sur <a rel=\"noreferrer noopener\" href=\"http:\/\/evviva.e-monsite.com\/agenda\/spettacoli-in-citta\/film-vietato-ai-cani-e-agli-italiani.html\" data-type=\"URL\" data-id=\"http:\/\/evviva.e-monsite.com\/agenda\/spettacoli-in-citta\/film-vietato-ai-cani-e-agli-italiani.html\" target=\"_blank\">ce lien<\/a>.<\/p>\n<\/blockquote>\n<\/div><\/div>\n\n\n\n<div class=\"wp-block-media-text alignwide has-media-on-the-right is-stacked-on-mobile\" style=\"grid-template-columns:auto 30%\"><div class=\"wp-block-media-text__content\">\n<blockquote class=\"wp-block-quote is-layout-flow wp-block-quote-is-layout-flow\">\n<p>&gt; <strong>Le lundi 7 novembre 2022 \u00e0 20h, les \u00e9l\u00e8ves de 1G4 et les Terminales suivant la sp\u00e9cialit\u00e9 Art, accompagn\u00e9s de leurs enseignants dont Mme D&rsquo;Anastasi pour l&rsquo;italien, ont assist\u00e9 \u00e0 la pr\u00e9-g\u00e9n\u00e9rale du c\u00e9l\u00e8bre op\u00e9ra de Puccini&nbsp;: <em>Madame Butterfly<\/em>, sous la direction d\u2019orchestre du grand chef Paul Daniel. La repr\u00e9sentation a \u00e9t\u00e9 pr\u00e9c\u00e9d\u00e9e par la visite du mus\u00e9e des Beaux-Arts de Bordeaux (collection de peintures italiennes).<\/strong><\/p>\n<\/blockquote>\n<\/div><figure class=\"wp-block-media-text__media\"><img loading=\"lazy\" decoding=\"async\" width=\"768\" height=\"1024\" src=\"https:\/\/ent2d.ac-bordeaux.fr\/disciplines\/italien\/wp-content\/uploads\/sites\/12\/2023\/02\/scala-1.jpg\" alt=\"\" class=\"wp-image-1270 size-full\" srcset=\"https:\/\/ent2d.ac-bordeaux.fr\/disciplines\/italien\/wp-content\/uploads\/sites\/12\/2023\/02\/scala-1.jpg 768w, https:\/\/ent2d.ac-bordeaux.fr\/disciplines\/italien\/wp-content\/uploads\/sites\/12\/2023\/02\/scala-1-225x300.jpg 225w\" sizes=\"auto, (max-width: 768px) 100vw, 768px\" \/><\/figure><\/div>\n\n\n\n<div class=\"wp-block-media-text alignwide is-stacked-on-mobile is-vertically-aligned-center\" style=\"grid-template-columns:38% auto\"><figure class=\"wp-block-media-text__media\"><img loading=\"lazy\" decoding=\"async\" width=\"1024\" height=\"768\" src=\"https:\/\/ent2d.ac-bordeaux.fr\/disciplines\/italien\/wp-content\/uploads\/sites\/12\/2022\/06\/IMG-20220531-WA0006-1.jpg\" alt=\"\" class=\"wp-image-1120 size-full\" srcset=\"https:\/\/ent2d.ac-bordeaux.fr\/disciplines\/italien\/wp-content\/uploads\/sites\/12\/2022\/06\/IMG-20220531-WA0006-1.jpg 1024w, https:\/\/ent2d.ac-bordeaux.fr\/disciplines\/italien\/wp-content\/uploads\/sites\/12\/2022\/06\/IMG-20220531-WA0006-1-300x225.jpg 300w, https:\/\/ent2d.ac-bordeaux.fr\/disciplines\/italien\/wp-content\/uploads\/sites\/12\/2022\/06\/IMG-20220531-WA0006-1-768x576.jpg 768w\" sizes=\"auto, (max-width: 1024px) 100vw, 1024px\" \/><\/figure><div class=\"wp-block-media-text__content\">\n<div class=\"wp-block-columns is-layout-flex wp-container-core-columns-is-layout-9d6595d7 wp-block-columns-is-layout-flex\">\n<div class=\"wp-block-column is-layout-flow wp-block-column-is-layout-flow\">\n<pre id=\"block-91541837-caa6-4f48-a43c-5edaa0344a33\" class=\"wp-block-preformatted has-luminous-vivid-orange-color has-text-color has-normal-font-size\">&gt; <strong>Soir\u00e9e d\u00e9di\u00e9e \u00e0 l'op\u00e9ra au Grand Th\u00e9\u00e2tre de Bordeaux pour la section EsaBAC<\/strong> :\n\nSous la statue de l'architecte Victor Louis au Grand Th\u00e9\u00e2tre de Bordeaux, les \u00e9l\u00e8ves des sections binationale franco-italienne EsaBac et euro italien du lyc\u00e9e \u00e9ponyme \u2013 sur leur 31 \u2013 prennent fi\u00e8rement la pose avec leurs professeurs avant la repr\u00e9sentation des Nozze di Figaro de Mozart. En effet, le lundi 30 mai 2022, gr\u00e2ce \u00e0 l'op\u00e9ration acad\u00e9mique \"A la rencontre de l'Op\u00e9ra\", les italianisants ont pu savourer pour la plupart leur premi\u00e8re exp\u00e9rience de l'art lyrique en VOST ! Il maestro Salvatore Caputo, chef des choeurs de l'ONBA s'\u00e9tait auparavant d\u00e9plac\u00e9 pour eux au lyc\u00e9e talen\u00e7ais afin de leur expliquer les m\u00e9tiers de l'op\u00e9ra, l'oeuvre proprement dite et le r\u00f4le de Cherubino qui effectivement a \u00e9t\u00e9 pl\u00e9biscit\u00e9 par les applaudissements enthousiastes de ces \u00e9l\u00e8ves de Premi\u00e8re et de Terminale, dans le cadre unique de notre beau th\u00e9\u00e2tre bordelais \"\u00e0 l'italienne\" !<\/pre>\n<\/div>\n<\/div>\n<\/div><\/div>\n","protected":false},"excerpt":{"rendered":"<p>Les \u00e9l\u00e8ves des coll\u00e8ges Cassignol et Mons\u00e9jour de Bordeaux dans le cadre du festival Viva Italia ont assist\u00e9 \u00e0 deux spectacles \u00e0 l&rsquo;auditorium de Bordeaux les 5 et 10 d\u00e9cembre &#8230;<\/p>\n","protected":false},"author":42,"featured_media":1272,"comment_status":"closed","ping_status":"closed","sticky":false,"template":"","format":"standard","meta":{"footnotes":""},"categories":[1],"tags":[],"class_list":["post-1268","post","type-post","status-publish","format-standard","has-post-thumbnail","hentry","category-non-classe"],"_links":{"self":[{"href":"https:\/\/ent2d.ac-bordeaux.fr\/disciplines\/italien\/wp-json\/wp\/v2\/posts\/1268","targetHints":{"allow":["GET"]}}],"collection":[{"href":"https:\/\/ent2d.ac-bordeaux.fr\/disciplines\/italien\/wp-json\/wp\/v2\/posts"}],"about":[{"href":"https:\/\/ent2d.ac-bordeaux.fr\/disciplines\/italien\/wp-json\/wp\/v2\/types\/post"}],"author":[{"embeddable":true,"href":"https:\/\/ent2d.ac-bordeaux.fr\/disciplines\/italien\/wp-json\/wp\/v2\/users\/42"}],"replies":[{"embeddable":true,"href":"https:\/\/ent2d.ac-bordeaux.fr\/disciplines\/italien\/wp-json\/wp\/v2\/comments?post=1268"}],"version-history":[{"count":6,"href":"https:\/\/ent2d.ac-bordeaux.fr\/disciplines\/italien\/wp-json\/wp\/v2\/posts\/1268\/revisions"}],"predecessor-version":[{"id":1372,"href":"https:\/\/ent2d.ac-bordeaux.fr\/disciplines\/italien\/wp-json\/wp\/v2\/posts\/1268\/revisions\/1372"}],"wp:featuredmedia":[{"embeddable":true,"href":"https:\/\/ent2d.ac-bordeaux.fr\/disciplines\/italien\/wp-json\/wp\/v2\/media\/1272"}],"wp:attachment":[{"href":"https:\/\/ent2d.ac-bordeaux.fr\/disciplines\/italien\/wp-json\/wp\/v2\/media?parent=1268"}],"wp:term":[{"taxonomy":"category","embeddable":true,"href":"https:\/\/ent2d.ac-bordeaux.fr\/disciplines\/italien\/wp-json\/wp\/v2\/categories?post=1268"},{"taxonomy":"post_tag","embeddable":true,"href":"https:\/\/ent2d.ac-bordeaux.fr\/disciplines\/italien\/wp-json\/wp\/v2\/tags?post=1268"}],"curies":[{"name":"wp","href":"https:\/\/api.w.org\/{rel}","templated":true}]}}