{"id":1211,"date":"2022-11-09T19:24:34","date_gmt":"2022-11-09T18:24:34","guid":{"rendered":"https:\/\/ent2d.ac-bordeaux.fr\/disciplines\/italien\/?p=1211"},"modified":"2022-11-09T19:40:04","modified_gmt":"2022-11-09T18:40:04","slug":"art-et-italien-un-projet-interdisciplinaire","status":"publish","type":"post","link":"https:\/\/ent2d.ac-bordeaux.fr\/disciplines\/italien\/2022\/11\/art-et-italien-un-projet-interdisciplinaire\/","title":{"rendered":"Art et italien, un projet interdisciplinaire"},"content":{"rendered":"\n<p><strong>Articul\u00e9 autour du projet culturel et linguistique <u><em>\u00ab&nbsp;Renaissance et Humanisme&nbsp;\u00bb<\/em><\/u> qui rel\u00e8ve d\u2019un dispositif de mutualisations et de correspondances entre l\u2019enseignement de l\u2019italien et l\u2019enseignement des arts plastiques, incluant l&rsquo;\u00e9change culturel et linguistique avec la Toscane, <em><u>le Lyc\u00e9e de Borda<\/u><\/em> de Dax a eu le privil\u00e8ge d\u2019\u00eatre s\u00e9lectionn\u00e9 pour trois soir\u00e9es au prestigieux Op\u00e9ra National de Bordeaux.<\/strong><\/p>\n\n\n\n<p><strong>Ainsi, le lundi 7 novembre \u00e0 20h, les \u00e9l\u00e8ves de 1G4 et les Terminales suivant la sp\u00e9cialit\u00e9 Art, accompagn\u00e9s de leurs enseignants dont Mme D&rsquo;Anastasi pour l&rsquo;italien, ont assist\u00e9 \u00e0 la pr\u00e9-g\u00e9n\u00e9rale du c\u00e9l\u00e8bre op\u00e9ra de Puccini&nbsp;: <em>Madame Butterfly<\/em>, sous la direction d\u2019orchestre du grand chef Paul Daniel. La repr\u00e9sentation a \u00e9t\u00e9 pr\u00e9c\u00e9d\u00e9e par la visite du mus\u00e9e des Beaux-Arts de Bordeaux (collection de peintures italiennes).<\/strong><\/p>\n\n\n\n<figure class=\"wp-block-image size-full is-resized\"><img loading=\"lazy\" decoding=\"async\" src=\"https:\/\/ent2d.ac-bordeaux.fr\/disciplines\/italien\/wp-content\/uploads\/sites\/12\/2022\/11\/opera.jpg\" alt=\"\" class=\"wp-image-1212\" width=\"840\" height=\"429\" srcset=\"https:\/\/ent2d.ac-bordeaux.fr\/disciplines\/italien\/wp-content\/uploads\/sites\/12\/2022\/11\/opera.jpg 1024w, https:\/\/ent2d.ac-bordeaux.fr\/disciplines\/italien\/wp-content\/uploads\/sites\/12\/2022\/11\/opera-300x153.jpg 300w, https:\/\/ent2d.ac-bordeaux.fr\/disciplines\/italien\/wp-content\/uploads\/sites\/12\/2022\/11\/opera-768x391.jpg 768w\" sizes=\"auto, (max-width: 840px) 100vw, 840px\" \/><figcaption>Les \u00e9l\u00e8ves du Lyc\u00e9e de Borda de Dax ont \u00e9t\u00e9 remarqu\u00e9s par leur \u00e9l\u00e9gance \u00e0 leur arriv\u00e9e au Grand Th\u00e9\u00e2tre de Bordeaux. <\/figcaption><\/figure>\n\n\n\n<figure class=\"wp-block-image size-full\"><img loading=\"lazy\" decoding=\"async\" width=\"768\" height=\"1024\" src=\"https:\/\/ent2d.ac-bordeaux.fr\/disciplines\/italien\/wp-content\/uploads\/sites\/12\/2022\/11\/scala-1.jpg\" alt=\"\" class=\"wp-image-1214\" srcset=\"https:\/\/ent2d.ac-bordeaux.fr\/disciplines\/italien\/wp-content\/uploads\/sites\/12\/2022\/11\/scala-1.jpg 768w, https:\/\/ent2d.ac-bordeaux.fr\/disciplines\/italien\/wp-content\/uploads\/sites\/12\/2022\/11\/scala-1-225x300.jpg 225w\" sizes=\"auto, (max-width: 768px) 100vw, 768px\" \/><figcaption>Et ils ont eu l\u2019immense privil\u00e8ge d\u2019avoir acc\u00e8s \u00e0 l\u2019escalier d\u2019honneur.<\/figcaption><\/figure>\n\n\n\n<figure class=\"wp-block-image size-full\"><img loading=\"lazy\" decoding=\"async\" width=\"473\" height=\"1024\" src=\"https:\/\/ent2d.ac-bordeaux.fr\/disciplines\/italien\/wp-content\/uploads\/sites\/12\/2022\/11\/Gran-T.jpg\" alt=\"\" class=\"wp-image-1215\" srcset=\"https:\/\/ent2d.ac-bordeaux.fr\/disciplines\/italien\/wp-content\/uploads\/sites\/12\/2022\/11\/Gran-T.jpg 473w, https:\/\/ent2d.ac-bordeaux.fr\/disciplines\/italien\/wp-content\/uploads\/sites\/12\/2022\/11\/Gran-T-139x300.jpg 139w, https:\/\/ent2d.ac-bordeaux.fr\/disciplines\/italien\/wp-content\/uploads\/sites\/12\/2022\/11\/Gran-T-768x1662.jpg 768w, https:\/\/ent2d.ac-bordeaux.fr\/disciplines\/italien\/wp-content\/uploads\/sites\/12\/2022\/11\/Gran-T-710x1536.jpg 710w\" sizes=\"auto, (max-width: 473px) 100vw, 473px\" \/><\/figure>\n\n\n\n<figure class=\"wp-block-image size-full\"><img loading=\"lazy\" decoding=\"async\" width=\"671\" height=\"594\" src=\"https:\/\/ent2d.ac-bordeaux.fr\/disciplines\/italien\/wp-content\/uploads\/sites\/12\/2022\/11\/teatro-1.jpg\" alt=\"\" class=\"wp-image-1217\" srcset=\"https:\/\/ent2d.ac-bordeaux.fr\/disciplines\/italien\/wp-content\/uploads\/sites\/12\/2022\/11\/teatro-1.jpg 671w, https:\/\/ent2d.ac-bordeaux.fr\/disciplines\/italien\/wp-content\/uploads\/sites\/12\/2022\/11\/teatro-1-300x266.jpg 300w\" sizes=\"auto, (max-width: 671px) 100vw, 671px\" \/><\/figure>\n\n\n\n<p><strong>Cette soir\u00e9e fut pour de nombreux \u00e9l\u00e8ves une grande premi\u00e8re : cela leur a permis d\u2019\u00eatre sensibilis\u00e9s \u00e0 l\u2019art lyrique, et \u00e0 la langue italienne \u00e0 travers ce chef d\u2019\u0153uvre de Puccini.<\/strong><\/p>\n\n\n\n<p class=\"has-text-align-center\"><strong><span class=\"has-inline-color has-vivid-red-color\">Belle r\u00e9ussite et un tr\u00e8s beau moment de partage&nbsp;!<\/span><\/strong><\/p>\n\n\n\n<p><strong><span class=\"has-inline-color has-vivid-green-cyan-color\">Ce projet interdisciplinaire se poursuivra en mai 2023 avec la venue au lyc\u00e9e de Borda de Dax de deux chanteurs lyriques pour un r\u00e9cital intitul\u00e9 \u00ab\u00a0Amours contrari\u00e9es, de l&rsquo;ariette au bel canto\u00a0\u00bb.<\/span><\/strong><\/p>\n\n\n\n<p><span class=\"has-inline-color has-black-color\"><strong>Voir ci-dessous le flyer de cet \u00e9v\u00e9nement in situ exceptionne<\/strong>l :<\/span><\/p>\n\n\n\n<div class=\"wp-block-file\"><a href=\"https:\/\/ent2d.ac-bordeaux.fr\/disciplines\/italien\/wp-content\/uploads\/sites\/12\/2022\/11\/Emmanuelle-DIJON-et-Antoine-de-Grolee-copie-copie-copie.pdf\">Emmanuelle-DIJON-et-Antoine-de-Grolee-copie-copie-copie<\/a><a href=\"https:\/\/ent2d.ac-bordeaux.fr\/disciplines\/italien\/wp-content\/uploads\/sites\/12\/2022\/11\/Emmanuelle-DIJON-et-Antoine-de-Grolee-copie-copie-copie.pdf\" class=\"wp-block-file__button\" download>T\u00e9l\u00e9charger<\/a><\/div>\n","protected":false},"excerpt":{"rendered":"<p>Articul\u00e9 autour du projet culturel et linguistique \u00ab&nbsp;Renaissance et Humanisme&nbsp;\u00bb qui rel\u00e8ve d\u2019un dispositif de mutualisations et de correspondances entre l\u2019enseignement de l\u2019italien et l\u2019enseignement des arts plastiques, incluant l&rsquo;\u00e9change &#8230;<\/p>\n","protected":false},"author":42,"featured_media":1222,"comment_status":"open","ping_status":"closed","sticky":false,"template":"","format":"standard","meta":{"footnotes":""},"categories":[1],"tags":[],"class_list":["post-1211","post","type-post","status-publish","format-standard","has-post-thumbnail","hentry","category-non-classe"],"_links":{"self":[{"href":"https:\/\/ent2d.ac-bordeaux.fr\/disciplines\/italien\/wp-json\/wp\/v2\/posts\/1211","targetHints":{"allow":["GET"]}}],"collection":[{"href":"https:\/\/ent2d.ac-bordeaux.fr\/disciplines\/italien\/wp-json\/wp\/v2\/posts"}],"about":[{"href":"https:\/\/ent2d.ac-bordeaux.fr\/disciplines\/italien\/wp-json\/wp\/v2\/types\/post"}],"author":[{"embeddable":true,"href":"https:\/\/ent2d.ac-bordeaux.fr\/disciplines\/italien\/wp-json\/wp\/v2\/users\/42"}],"replies":[{"embeddable":true,"href":"https:\/\/ent2d.ac-bordeaux.fr\/disciplines\/italien\/wp-json\/wp\/v2\/comments?post=1211"}],"version-history":[{"count":3,"href":"https:\/\/ent2d.ac-bordeaux.fr\/disciplines\/italien\/wp-json\/wp\/v2\/posts\/1211\/revisions"}],"predecessor-version":[{"id":1223,"href":"https:\/\/ent2d.ac-bordeaux.fr\/disciplines\/italien\/wp-json\/wp\/v2\/posts\/1211\/revisions\/1223"}],"wp:featuredmedia":[{"embeddable":true,"href":"https:\/\/ent2d.ac-bordeaux.fr\/disciplines\/italien\/wp-json\/wp\/v2\/media\/1222"}],"wp:attachment":[{"href":"https:\/\/ent2d.ac-bordeaux.fr\/disciplines\/italien\/wp-json\/wp\/v2\/media?parent=1211"}],"wp:term":[{"taxonomy":"category","embeddable":true,"href":"https:\/\/ent2d.ac-bordeaux.fr\/disciplines\/italien\/wp-json\/wp\/v2\/categories?post=1211"},{"taxonomy":"post_tag","embeddable":true,"href":"https:\/\/ent2d.ac-bordeaux.fr\/disciplines\/italien\/wp-json\/wp\/v2\/tags?post=1211"}],"curies":[{"name":"wp","href":"https:\/\/api.w.org\/{rel}","templated":true}]}}