{"id":1085,"date":"2022-02-05T08:49:23","date_gmt":"2022-02-05T07:49:23","guid":{"rendered":"https:\/\/ent2d.ac-bordeaux.fr\/disciplines\/italien\/?p=1085"},"modified":"2022-11-10T05:41:31","modified_gmt":"2022-11-10T04:41:31","slug":"projet-articap-prix-de-la-fondation-hippocrene-2022","status":"publish","type":"post","link":"https:\/\/ent2d.ac-bordeaux.fr\/disciplines\/italien\/2022\/02\/projet-articap-prix-de-la-fondation-hippocrene-2022\/","title":{"rendered":"Projet Articap &#8211; Prix de la fondation Hippocr\u00e8ne 2022 et du public"},"content":{"rendered":"\n<p class=\"has-text-align-center\"><a href=\"https:\/\/articap.jimdofree.com\/\" target=\"_blank\" rel=\"noreferrer noopener\"><strong>ARTICAP o\u00f9 l&rsquo;Art inclut les \u00e9l\u00e8ves en situation de Handicap<\/strong><\/a><\/p>\n\n\n\n<p class=\"has-text-align-center\"><strong>Et si l&rsquo;Art pouvait nous aider \u00e0 mieux faire comprendre le Handicap \u00e0 l&rsquo;\u00e9cole et ainsi mieux inclure les \u00e9l\u00e8ves porteurs de handicap dans nos syst\u00e8mes scolaires ?<\/strong><\/p>\n\n\n\n<p><strong>Projet men\u00e9 par la professeure d&rsquo;italien Simona Gicquel du lyc\u00e9e Fernand Daguin de M\u00e9rignac<\/strong> en partenariat avec le lyc\u00e9e italien Guarasci Calabretta de Soverato, l&rsquo;ath\u00e9n\u00e9e provincial mixte Warocque de Morlanwelz en Belgique et<\/p>\n\n\n\n<figure class=\"wp-block-gallery aligncenter columns-1 is-cropped wp-block-gallery-1 is-layout-flex wp-block-gallery-is-layout-flex\"><ul class=\"blocks-gallery-grid\"><li class=\"blocks-gallery-item\"><figure><img loading=\"lazy\" decoding=\"async\" width=\"300\" height=\"187\" src=\"https:\/\/ent2d.ac-bordeaux.fr\/disciplines\/italien\/wp-content\/uploads\/sites\/12\/2022\/02\/th-300x187.jpg\" alt=\"\" data-id=\"1086\" data-full-url=\"https:\/\/ent2d.ac-bordeaux.fr\/disciplines\/italien\/wp-content\/uploads\/sites\/12\/2022\/02\/th.jpg\" data-link=\"https:\/\/ent2d.ac-bordeaux.fr\/disciplines\/italien\/?attachment_id=1086\" class=\"wp-image-1086\" srcset=\"https:\/\/ent2d.ac-bordeaux.fr\/disciplines\/italien\/wp-content\/uploads\/sites\/12\/2022\/02\/th-300x187.jpg 300w, https:\/\/ent2d.ac-bordeaux.fr\/disciplines\/italien\/wp-content\/uploads\/sites\/12\/2022\/02\/th.jpg 474w\" sizes=\"auto, (max-width: 300px) 100vw, 300px\" \/><\/figure><\/li><\/ul><\/figure>\n\n\n\n<ul class=\"wp-block-list\"><li><strong>LE PRIX HIPPOCR\u00c8NE DE L\u2019\u00c9DUCATION \u00c0 L\u2019EUROPE<\/strong>&nbsp;EST UN CONCOURS PROPOS\u00c9 AUX \u00c9TABLISSEMENTS SCOLAIRES QUI R\u00c9COMPENSE LES MEILLEURS PROJETS DE PARTENARIAT EUROP\u00c9EN \u00c9LABOR\u00c9S PAR UNE CLASSE ET SES PROFESSEURS. CE PRIX A \u00c9T\u00c9 LANC\u00c9&nbsp;EN 2010 \u00c0 L\u2019INITIATIVE DE LA&nbsp;<strong><a href=\"http:\/\/fondationhippocrene.eu\/\" target=\"_blank\" rel=\"noreferrer noopener\">FONDATION HIPPOCR\u00c8NE<\/a><\/strong>&nbsp;QUI D\u00c9CIDE DE FAIRE DE L\u2019\u00c9DUCATION DES JEUNES \u00c0 L\u2019EUROPE UNE PRIORIT\u00c9.<\/li><li><strong>L\u2019objectif<\/strong>&nbsp;\u00e0 travers ce prix est de&nbsp;<strong>donner l\u2019envie d\u2019Europe aux jeunes<\/strong>. En pratique, le prix soutient la formation \u00e0 l\u2019Europe, la mobilit\u00e9, les \u00e9changes, et les projets communs qui sont les meilleurs moyens pour les jeunes de concr\u00e9tiser leur appartenance \u00e0 cet ensemble commun qu\u2019est l\u2019Europe.<\/li><li>Cr\u00e9\u00e9e par Jean et Mona Guyot,&nbsp;<strong>la Fondation Hippocr\u00e8ne<\/strong>&nbsp;est une fondation familiale, reconnue d\u2019utilit\u00e9 publique, qui \u0153uvre pour qu\u2019une v\u00e9ritable&nbsp;<strong>citoyennet\u00e9 europ\u00e9enne<\/strong>&nbsp;soit construite jour apr\u00e8s jour par les jeunes d\u2019Europe, acteurs de son futur. La fondation a comme objectif de soutenir la r\u00e9alisation de projets concrets port\u00e9s par ou pour les jeunes europ\u00e9ens, dans tous les domaines qui permettent le dialogue et le partage au service d\u2019une citoyennet\u00e9 europ\u00e9enne commune : culture, \u00e9ducation, social et humanitaire. Ainsi, Hippocr\u00e8ne permet aux jeunes de r\u00e9aliser leurs projets pour l\u2019Europe.<\/li><\/ul>\n\n\n\n<figure class=\"wp-block-gallery columns-2 is-cropped wp-block-gallery-2 is-layout-flex wp-block-gallery-is-layout-flex\"><ul class=\"blocks-gallery-grid\"><li class=\"blocks-gallery-item\"><figure><img loading=\"lazy\" decoding=\"async\" width=\"225\" height=\"225\" src=\"https:\/\/ent2d.ac-bordeaux.fr\/disciplines\/italien\/wp-content\/uploads\/sites\/12\/2018\/04\/t\u00e9l\u00e9chargement.png\" alt=\"\" data-id=\"300\" data-full-url=\"https:\/\/ent2d.ac-bordeaux.fr\/disciplines\/italien\/wp-content\/uploads\/sites\/12\/2018\/04\/t\u00e9l\u00e9chargement.png\" data-link=\"https:\/\/ent2d.ac-bordeaux.fr\/disciplines\/italien\/mobilite\/echange-avec-pesaro-commune-des-marches\/telechargement\/\" class=\"wp-image-300\" srcset=\"https:\/\/ent2d.ac-bordeaux.fr\/disciplines\/italien\/wp-content\/uploads\/sites\/12\/2018\/04\/t\u00e9l\u00e9chargement.png 225w, https:\/\/ent2d.ac-bordeaux.fr\/disciplines\/italien\/wp-content\/uploads\/sites\/12\/2018\/04\/t\u00e9l\u00e9chargement-150x150.png 150w\" sizes=\"auto, (max-width: 225px) 100vw, 225px\" \/><\/figure><\/li><li class=\"blocks-gallery-item\"><figure><img loading=\"lazy\" decoding=\"async\" width=\"303\" height=\"166\" src=\"https:\/\/ent2d.ac-bordeaux.fr\/disciplines\/italien\/wp-content\/uploads\/sites\/12\/2018\/04\/images.jpg\" alt=\"\" data-id=\"299\" data-full-url=\"https:\/\/ent2d.ac-bordeaux.fr\/disciplines\/italien\/wp-content\/uploads\/sites\/12\/2018\/04\/images.jpg\" data-link=\"https:\/\/ent2d.ac-bordeaux.fr\/disciplines\/italien\/mobilite\/echange-avec-pesaro-commune-des-marches\/images\/\" class=\"wp-image-299\" srcset=\"https:\/\/ent2d.ac-bordeaux.fr\/disciplines\/italien\/wp-content\/uploads\/sites\/12\/2018\/04\/images.jpg 303w, https:\/\/ent2d.ac-bordeaux.fr\/disciplines\/italien\/wp-content\/uploads\/sites\/12\/2018\/04\/images-300x164.jpg 300w\" sizes=\"auto, (max-width: 303px) 100vw, 303px\" \/><\/figure><\/li><\/ul><\/figure>\n","protected":false},"excerpt":{"rendered":"<p>ARTICAP o\u00f9 l&rsquo;Art inclut les \u00e9l\u00e8ves en situation de Handicap Et si l&rsquo;Art pouvait nous aider \u00e0 mieux faire comprendre le Handicap \u00e0 l&rsquo;\u00e9cole et ainsi mieux inclure les \u00e9l\u00e8ves &#8230;<\/p>\n","protected":false},"author":42,"featured_media":1086,"comment_status":"closed","ping_status":"closed","sticky":false,"template":"","format":"standard","meta":{"footnotes":""},"categories":[1],"tags":[],"class_list":["post-1085","post","type-post","status-publish","format-standard","has-post-thumbnail","hentry","category-non-classe"],"_links":{"self":[{"href":"https:\/\/ent2d.ac-bordeaux.fr\/disciplines\/italien\/wp-json\/wp\/v2\/posts\/1085","targetHints":{"allow":["GET"]}}],"collection":[{"href":"https:\/\/ent2d.ac-bordeaux.fr\/disciplines\/italien\/wp-json\/wp\/v2\/posts"}],"about":[{"href":"https:\/\/ent2d.ac-bordeaux.fr\/disciplines\/italien\/wp-json\/wp\/v2\/types\/post"}],"author":[{"embeddable":true,"href":"https:\/\/ent2d.ac-bordeaux.fr\/disciplines\/italien\/wp-json\/wp\/v2\/users\/42"}],"replies":[{"embeddable":true,"href":"https:\/\/ent2d.ac-bordeaux.fr\/disciplines\/italien\/wp-json\/wp\/v2\/comments?post=1085"}],"version-history":[{"count":3,"href":"https:\/\/ent2d.ac-bordeaux.fr\/disciplines\/italien\/wp-json\/wp\/v2\/posts\/1085\/revisions"}],"predecessor-version":[{"id":1231,"href":"https:\/\/ent2d.ac-bordeaux.fr\/disciplines\/italien\/wp-json\/wp\/v2\/posts\/1085\/revisions\/1231"}],"wp:featuredmedia":[{"embeddable":true,"href":"https:\/\/ent2d.ac-bordeaux.fr\/disciplines\/italien\/wp-json\/wp\/v2\/media\/1086"}],"wp:attachment":[{"href":"https:\/\/ent2d.ac-bordeaux.fr\/disciplines\/italien\/wp-json\/wp\/v2\/media?parent=1085"}],"wp:term":[{"taxonomy":"category","embeddable":true,"href":"https:\/\/ent2d.ac-bordeaux.fr\/disciplines\/italien\/wp-json\/wp\/v2\/categories?post=1085"},{"taxonomy":"post_tag","embeddable":true,"href":"https:\/\/ent2d.ac-bordeaux.fr\/disciplines\/italien\/wp-json\/wp\/v2\/tags?post=1085"}],"curies":[{"name":"wp","href":"https:\/\/api.w.org\/{rel}","templated":true}]}}