{"id":1015,"date":"2021-03-20T11:23:37","date_gmt":"2021-03-20T10:23:37","guid":{"rendered":"https:\/\/ent2d.ac-bordeaux.fr\/disciplines\/italien\/?p=1015"},"modified":"2021-03-29T11:36:42","modified_gmt":"2021-03-29T09:36:42","slug":"les-choristes-de-lopera-national-de-bordeaux-ont-chante-au-lycee-victor-louis","status":"publish","type":"post","link":"https:\/\/ent2d.ac-bordeaux.fr\/disciplines\/italien\/2021\/03\/les-choristes-de-lopera-national-de-bordeaux-ont-chante-au-lycee-victor-louis\/","title":{"rendered":"Les choristes de l\u2019Op\u00e9ra National de Bordeaux ont chant\u00e9 au Lyc\u00e9e Victor Louis de Talence."},"content":{"rendered":"\n<p class=\"has-background has-vivid-green-cyan-background-color\"><strong>Le jeudi 18 mars 2021, douze choristes du ch\u0153ur de l\u2019Op\u00e9ra National de Bordeaux, accompagn\u00e9s par le maestro Salvatore Caputo, sont venus au Lyc\u00e9e Victor Louis pour une rencontre avec les \u00e9l\u00e8ves d\u2019italien des sections europ\u00e9enne et EsaBac et leurs professeurs.<\/strong><\/p>\n\n\n\n<p><strong>Devant un public sous le charme, les artistes ont chant\u00e9 quelques airs d\u2019op\u00e9ra, dont le c\u00e9l\u00e8bre <em>Va Pensiero<\/em>, du <em>Nabucco<\/em> de Giuseppe Verdi, que les \u00e9l\u00e8ves avaient pr\u00e9alablement \u00e9tudi\u00e9 en cours.<\/strong><\/p>\n\n\n\n<p class=\"has-background has-vivid-red-background-color\"><strong>Dans une ambiance chaleureuse et joyeuse, les artistes ont \u00e9chang\u00e9 avec les \u00e9l\u00e8ves et r\u00e9pondu \u00e0 leurs questions. &nbsp;Salvatore Caputo a notamment expliqu\u00e9 le r\u00f4le d\u00e9terminant de l\u2019op\u00e9ra lyrique dans l\u2019unification de l\u2019Italie, au XIXe si\u00e8cle.<\/strong><\/p>\n\n\n\n<p><strong>Gr\u00e2ce \u00e0 cette belle rencontre musicale, qui a apport\u00e9 un peu de lumi\u00e8re en ces temps bien sombres, o\u00f9 le spectacle vivant est si rare, les \u00e9l\u00e8ves ont pu d\u00e9couvrir l\u2019univers magique de l\u2019op\u00e9ra, au sein de leur \u00e9tablissement.<\/strong><\/p>\n\n\n\n<figure class=\"wp-block-video\"><video height=\"848\" style=\"aspect-ratio: 384 \/ 848;\" width=\"384\" controls src=\"https:\/\/ent2d.ac-bordeaux.fr\/disciplines\/italien\/wp-content\/uploads\/sites\/12\/2021\/03\/03638342-1274-4776-a980-5095b4b7ad30-1.mp4\"><\/video><figcaption>Reportage JT du soir France 3 R\u00e9gion du 28\/03\/21<\/figcaption><\/figure>\n\n\n\n<div class=\"wp-block-image\"><figure class=\"aligncenter size-large\"><img loading=\"lazy\" decoding=\"async\" width=\"640\" height=\"480\" src=\"https:\/\/ent2d.ac-bordeaux.fr\/disciplines\/italien\/wp-content\/uploads\/sites\/12\/2021\/03\/foto-opera.jpg\" alt=\"\" class=\"wp-image-1017\" srcset=\"https:\/\/ent2d.ac-bordeaux.fr\/disciplines\/italien\/wp-content\/uploads\/sites\/12\/2021\/03\/foto-opera.jpg 640w, https:\/\/ent2d.ac-bordeaux.fr\/disciplines\/italien\/wp-content\/uploads\/sites\/12\/2021\/03\/foto-opera-300x225.jpg 300w\" sizes=\"auto, (max-width: 640px) 100vw, 640px\" \/><\/figure><\/div>\n\n\n\n<p><\/p>\n","protected":false},"excerpt":{"rendered":"<p>Le jeudi 18 mars 2021, douze choristes du ch\u0153ur de l\u2019Op\u00e9ra National de Bordeaux, accompagn\u00e9s par le maestro Salvatore Caputo, sont venus au Lyc\u00e9e Victor Louis pour une rencontre avec &#8230;<\/p>\n","protected":false},"author":42,"featured_media":1016,"comment_status":"open","ping_status":"closed","sticky":false,"template":"","format":"standard","meta":{"footnotes":""},"categories":[1],"tags":[],"class_list":["post-1015","post","type-post","status-publish","format-standard","has-post-thumbnail","hentry","category-non-classe"],"_links":{"self":[{"href":"https:\/\/ent2d.ac-bordeaux.fr\/disciplines\/italien\/wp-json\/wp\/v2\/posts\/1015","targetHints":{"allow":["GET"]}}],"collection":[{"href":"https:\/\/ent2d.ac-bordeaux.fr\/disciplines\/italien\/wp-json\/wp\/v2\/posts"}],"about":[{"href":"https:\/\/ent2d.ac-bordeaux.fr\/disciplines\/italien\/wp-json\/wp\/v2\/types\/post"}],"author":[{"embeddable":true,"href":"https:\/\/ent2d.ac-bordeaux.fr\/disciplines\/italien\/wp-json\/wp\/v2\/users\/42"}],"replies":[{"embeddable":true,"href":"https:\/\/ent2d.ac-bordeaux.fr\/disciplines\/italien\/wp-json\/wp\/v2\/comments?post=1015"}],"version-history":[{"count":3,"href":"https:\/\/ent2d.ac-bordeaux.fr\/disciplines\/italien\/wp-json\/wp\/v2\/posts\/1015\/revisions"}],"predecessor-version":[{"id":1024,"href":"https:\/\/ent2d.ac-bordeaux.fr\/disciplines\/italien\/wp-json\/wp\/v2\/posts\/1015\/revisions\/1024"}],"wp:featuredmedia":[{"embeddable":true,"href":"https:\/\/ent2d.ac-bordeaux.fr\/disciplines\/italien\/wp-json\/wp\/v2\/media\/1016"}],"wp:attachment":[{"href":"https:\/\/ent2d.ac-bordeaux.fr\/disciplines\/italien\/wp-json\/wp\/v2\/media?parent=1015"}],"wp:term":[{"taxonomy":"category","embeddable":true,"href":"https:\/\/ent2d.ac-bordeaux.fr\/disciplines\/italien\/wp-json\/wp\/v2\/categories?post=1015"},{"taxonomy":"post_tag","embeddable":true,"href":"https:\/\/ent2d.ac-bordeaux.fr\/disciplines\/italien\/wp-json\/wp\/v2\/tags?post=1015"}],"curies":[{"name":"wp","href":"https:\/\/api.w.org\/{rel}","templated":true}]}}