{"id":4284,"date":"2021-05-20T12:44:03","date_gmt":"2021-05-20T10:44:03","guid":{"rendered":"https:\/\/ent2d.ac-bordeaux.fr\/disciplines\/hotellerie\/?p=4284"},"modified":"2021-05-20T12:51:25","modified_gmt":"2021-05-20T10:51:25","slug":"nouvelles-formations-complementaires","status":"publish","type":"post","link":"https:\/\/ent2d.ac-bordeaux.fr\/disciplines\/hotellerie\/2021\/05\/20\/nouvelles-formations-complementaires\/","title":{"rendered":"Nouvelles formations compl\u00e9mentaires"},"content":{"rendered":"<p><span style=\"font-family: arial, helvetica, sans-serif\">Deux nouvelles formations compl\u00e9mentaires d&#8217;initiative locale (FCIL) dans l&#8217;air du temps ouvriront leurs portes \u00e0 la rentr\u00e9e de septembre 2021 dans l&#8217;acad\u00e9mie de Bordeaux :<\/span><\/p>\n<table class=\" aligncenter\" style=\"height: 241px;width: 682px\">\n<tbody>\n<tr>\n<td style=\"width: 140px\"><a href=\"https:\/\/ent2d.ac-bordeaux.fr\/disciplines\/hotellerie\/2021\/05\/20\/nouvelles-formations-complementaires\/logo-fcil-patboutrest\/\" rel=\"attachment wp-att-4286\"><img loading=\"lazy\" decoding=\"async\" class=\"wp-image-4286 alignnone\" src=\"https:\/\/ent2d.ac-bordeaux.fr\/disciplines\/hotellerie\/wp-content\/uploads\/sites\/46\/2021\/05\/Logo-FCIL-PATBOUTREST.png\" alt=\"\" width=\"128\" height=\"128\" srcset=\"https:\/\/ent2d.ac-bordeaux.fr\/disciplines\/hotellerie\/wp-content\/uploads\/sites\/46\/2021\/05\/Logo-FCIL-PATBOUTREST.png 500w, https:\/\/ent2d.ac-bordeaux.fr\/disciplines\/hotellerie\/wp-content\/uploads\/sites\/46\/2021\/05\/Logo-FCIL-PATBOUTREST-300x300.png 300w, https:\/\/ent2d.ac-bordeaux.fr\/disciplines\/hotellerie\/wp-content\/uploads\/sites\/46\/2021\/05\/Logo-FCIL-PATBOUTREST-150x150.png 150w\" sizes=\"auto, (max-width: 128px) 100vw, 128px\" \/><\/a><\/td>\n<td style=\"width: 526px\"><span style=\"font-family: arial, helvetica, sans-serif\"><strong>FCIL p\u00e2tisserie Boutique &amp; de restauration<\/strong> <\/span><\/p>\n<p><span style=\"font-family: arial, helvetica, sans-serif\">au <a href=\"https:\/\/lycee-condorcet-arcachon.fr\/\"><strong>Lyc\u00e9e des m\u00e9tiers Condorcet d&#8217;Arcachon<\/strong><\/a> <\/span><\/p>\n<p style=\"text-align: left\"><span style=\"font-family: arial, helvetica, sans-serif\"><a href=\"https:\/\/ent2d.ac-bordeaux.fr\/disciplines\/hotellerie\/2021\/05\/20\/nouvelles-formations-complementaires\/fcil-patboutrest-flyers-1\/\" rel=\"attachment wp-att-4289\">FLYER Pr\u00e9sentation<\/a><\/span><\/p>\n<\/td>\n<\/tr>\n<tr>\n<td style=\"width: 140px\"><a href=\"https:\/\/ent2d.ac-bordeaux.fr\/disciplines\/hotellerie\/2021\/05\/20\/nouvelles-formations-complementaires\/logo-fcil-cv-2\/\" rel=\"attachment wp-att-4287\"><img loading=\"lazy\" decoding=\"async\" class=\"wp-image-4287 alignnone\" src=\"https:\/\/ent2d.ac-bordeaux.fr\/disciplines\/hotellerie\/wp-content\/uploads\/sites\/46\/2021\/05\/Logo-FCIL-CV-2.png\" alt=\"\" width=\"124\" height=\"124\" srcset=\"https:\/\/ent2d.ac-bordeaux.fr\/disciplines\/hotellerie\/wp-content\/uploads\/sites\/46\/2021\/05\/Logo-FCIL-CV-2.png 1024w, https:\/\/ent2d.ac-bordeaux.fr\/disciplines\/hotellerie\/wp-content\/uploads\/sites\/46\/2021\/05\/Logo-FCIL-CV-2-300x300.png 300w, https:\/\/ent2d.ac-bordeaux.fr\/disciplines\/hotellerie\/wp-content\/uploads\/sites\/46\/2021\/05\/Logo-FCIL-CV-2-150x150.png 150w, https:\/\/ent2d.ac-bordeaux.fr\/disciplines\/hotellerie\/wp-content\/uploads\/sites\/46\/2021\/05\/Logo-FCIL-CV-2-768x768.png 768w\" sizes=\"auto, (max-width: 124px) 100vw, 124px\" \/><\/a><\/td>\n<td style=\"width: 526px\"><span style=\"font-family: arial, helvetica, sans-serif\"><strong>FCIL cuisine v\u00e9g\u00e9tale<\/strong><\/span><\/p>\n<p><span style=\"font-family: arial, helvetica, sans-serif\">au <a href=\"https:\/\/lycee-jderomas.fr\/\"><strong>Lyc\u00e9e des M\u00e9tiers Jacques de Romas \u00e0 N\u00e9rac<\/strong><\/a><\/span><\/p>\n<p><span style=\"font-family: arial, helvetica, sans-serif\"><a href=\"https:\/\/ent2d.ac-bordeaux.fr\/disciplines\/hotellerie\/2021\/05\/20\/nouvelles-formations-complementaires\/flyer-cv\/\" rel=\"attachment wp-att-4288\">FLYER Pr\u00e9sentation<\/a><\/span><\/td>\n<\/tr>\n<\/tbody>\n<\/table>\n<p>&nbsp;<\/p>\n<p>&nbsp;<\/p>\n<div style=\"width: 800px;\" class=\"wp-video\"><video class=\"wp-video-shortcode\" id=\"video-4284-1\" width=\"800\" height=\"600\" preload=\"metadata\" controls=\"controls\"><source type=\"video\/mp4\" src=\"https:\/\/ent2d.ac-bordeaux.fr\/disciplines\/hotellerie\/wp-content\/uploads\/sites\/46\/2021\/05\/CUISINE-Ve\u0301Ge\u0301TALE.mp4?_=1\" \/><a href=\"https:\/\/ent2d.ac-bordeaux.fr\/disciplines\/hotellerie\/wp-content\/uploads\/sites\/46\/2021\/05\/CUISINE-Ve\u0301Ge\u0301TALE.mp4\">https:\/\/ent2d.ac-bordeaux.fr\/disciplines\/hotellerie\/wp-content\/uploads\/sites\/46\/2021\/05\/CUISINE-Ve\u0301Ge\u0301TALE.mp4<\/a><\/video><\/div>\n<p>&nbsp;<\/p>\n<p>&nbsp;<\/p>\n<p>&nbsp;<\/p>\n","protected":false},"excerpt":{"rendered":"<p>Deux nouvelles formations compl\u00e9mentaires d&#8217;initiative locale (FCIL) dans l&#8217;air du temps ouvriront leurs portes \u00e0 la rentr\u00e9e de septembre 2021<\/p>\n","protected":false},"author":166,"featured_media":0,"comment_status":"open","ping_status":"closed","sticky":false,"template":"","format":"standard","meta":{"footnotes":""},"categories":[8,1],"tags":[],"class_list":["post-4284","post","type-post","status-publish","format-standard","hentry","category-news-hr","category-non-classe"],"_links":{"self":[{"href":"https:\/\/ent2d.ac-bordeaux.fr\/disciplines\/hotellerie\/wp-json\/wp\/v2\/posts\/4284","targetHints":{"allow":["GET"]}}],"collection":[{"href":"https:\/\/ent2d.ac-bordeaux.fr\/disciplines\/hotellerie\/wp-json\/wp\/v2\/posts"}],"about":[{"href":"https:\/\/ent2d.ac-bordeaux.fr\/disciplines\/hotellerie\/wp-json\/wp\/v2\/types\/post"}],"author":[{"embeddable":true,"href":"https:\/\/ent2d.ac-bordeaux.fr\/disciplines\/hotellerie\/wp-json\/wp\/v2\/users\/166"}],"replies":[{"embeddable":true,"href":"https:\/\/ent2d.ac-bordeaux.fr\/disciplines\/hotellerie\/wp-json\/wp\/v2\/comments?post=4284"}],"version-history":[{"count":14,"href":"https:\/\/ent2d.ac-bordeaux.fr\/disciplines\/hotellerie\/wp-json\/wp\/v2\/posts\/4284\/revisions"}],"predecessor-version":[{"id":4293,"href":"https:\/\/ent2d.ac-bordeaux.fr\/disciplines\/hotellerie\/wp-json\/wp\/v2\/posts\/4284\/revisions\/4293"}],"wp:attachment":[{"href":"https:\/\/ent2d.ac-bordeaux.fr\/disciplines\/hotellerie\/wp-json\/wp\/v2\/media?parent=4284"}],"wp:term":[{"taxonomy":"category","embeddable":true,"href":"https:\/\/ent2d.ac-bordeaux.fr\/disciplines\/hotellerie\/wp-json\/wp\/v2\/categories?post=4284"},{"taxonomy":"post_tag","embeddable":true,"href":"https:\/\/ent2d.ac-bordeaux.fr\/disciplines\/hotellerie\/wp-json\/wp\/v2\/tags?post=4284"}],"curies":[{"name":"wp","href":"https:\/\/api.w.org\/{rel}","templated":true}]}}