{"id":4156,"date":"2021-01-04T11:17:11","date_gmt":"2021-01-04T10:17:11","guid":{"rendered":"https:\/\/ent2d.ac-bordeaux.fr\/disciplines\/hotellerie\/?p=4156"},"modified":"2021-01-04T12:04:23","modified_gmt":"2021-01-04T11:04:23","slug":"repas-caritatif-au-lycee-jacques-de-romas-de-nerac","status":"publish","type":"post","link":"https:\/\/ent2d.ac-bordeaux.fr\/disciplines\/hotellerie\/2021\/01\/04\/repas-caritatif-au-lycee-jacques-de-romas-de-nerac\/","title":{"rendered":"Repas caritatif au lyc\u00e9e Jacques de Romas de N\u00e9rac"},"content":{"rendered":"<div class=\"excerpt\">\n<p><span style=\"font-family: arial, helvetica, sans-serif\">Dix \u00e9l\u00e8ves de 1re professionnelle cuisine du lyc\u00e9e Jacques-de-Romas, \u00e0 N\u00e9rac, ont pris sur leur temps libre pour confectionner 80 repas festifs destin\u00e9s aux b\u00e9n\u00e9ficiaires du Secours populaire.<\/span><\/p>\n<\/div>\n<div class=\"full-content\">\n<div class=\"article-body-wrapper\">\n<p><span style=\"font-family: arial, helvetica, sans-serif\">L\u2019initiative n\u2019est pas nouvelle et cela fait maintenant trois ans que le lyc\u00e9e Jacques-de-Romas participe \u00e0 l\u2019op\u00e9ration de l\u2019association des Bouffons de la cuisine. Une op\u00e9ration de g\u00e9n\u00e9rosit\u00e9 fond\u00e9e par le chef \u00e9toil\u00e9 Michel Trama.<\/span><\/p>\n<p><span style=\"font-family: arial, helvetica, sans-serif\">Chaque ann\u00e9e en p\u00e9riode de f\u00eates, les \u00e9l\u00e8ves font preuve de solidarit\u00e9 gastronomique en offrant la possibilit\u00e9 \u00e0 un public isol\u00e9 socialement et en difficult\u00e9s financi\u00e8res de partager un bon repas chaud et festif autour d\u2019une table dress\u00e9e pour l\u2019occasion dans le restaurant d\u2019application du lyc\u00e9e. L\u2019objectif est ainsi de cr\u00e9er un moment de partage et de convivialit\u00e9 autour d\u2019un repas digne de grands chefs cuisiniers.<\/span><\/p>\n<p><span style=\"font-size: 10pt;font-family: arial, helvetica, sans-serif\">Merci \u00e0 Xavier Detchenique, St\u00e9phane Pousset et St\u00e9phane Brunet<\/span><\/p>\n<p><a href=\"https:\/\/www.sudouest.fr\/2020\/12\/18\/lot-et-garonne-ils-cuisinent-comme-des-chefs-pour-le-secours-populaire-8204949-3788.php\">Lire l&#8217;article du Journal Sud-Ouest<\/a><\/p>\n<\/div>\n<p><span style=\"font-family: arial, helvetica, sans-serif\"><span style=\"font-size: 8pt\">Source Journal Sud-Ouest &#8211; \u00a9 Cr\u00e9dit photo : Milard Faustine<\/span><\/span><\/p>\n<p><span style=\"font-family: arial, helvetica, sans-serif\"><a href=\"https:\/\/ent2d.ac-bordeaux.fr\/disciplines\/hotellerie\/2021\/01\/04\/repas-caritatif-au-lycee-jacques-de-romas-de-nerac\/les-10-eleves-du-lycee\/\" rel=\"attachment wp-att-4157\"><img loading=\"lazy\" decoding=\"async\" class=\"alignleft wp-image-4157\" src=\"https:\/\/ent2d.ac-bordeaux.fr\/disciplines\/hotellerie\/wp-content\/uploads\/sites\/46\/2021\/01\/les-10-eleves-du-lycee.jpg\" alt=\"\" width=\"646\" height=\"323\" srcset=\"https:\/\/ent2d.ac-bordeaux.fr\/disciplines\/hotellerie\/wp-content\/uploads\/sites\/46\/2021\/01\/les-10-eleves-du-lycee.jpg 1000w, https:\/\/ent2d.ac-bordeaux.fr\/disciplines\/hotellerie\/wp-content\/uploads\/sites\/46\/2021\/01\/les-10-eleves-du-lycee-300x150.jpg 300w, https:\/\/ent2d.ac-bordeaux.fr\/disciplines\/hotellerie\/wp-content\/uploads\/sites\/46\/2021\/01\/les-10-eleves-du-lycee-768x384.jpg 768w\" sizes=\"auto, (max-width: 646px) 100vw, 646px\" \/><\/a><\/span><\/p>\n<\/div>\n<p>&nbsp;<\/p>\n<p>&nbsp;<\/p>\n<p>&nbsp;<\/p>\n<p>&nbsp;<\/p>\n<p>&nbsp;<\/p>\n<p>&nbsp;<\/p>\n<p>&nbsp;<\/p>\n<p>&nbsp;<\/p>\n<p>&nbsp;<\/p>\n<p><span style=\"font-family: arial, helvetica, sans-serif\">Cette ann\u00e9e, en raison de la situation sanitaire, le concept a d\u00fb \u00eatre modifi\u00e9, et le repas a \u00e9t\u00e9 livr\u00e9 directement au Secours populaire jeudi 16\u00a0d\u00e9cembre. La veille, dix \u00e9l\u00e8ves et futurs chefs b\u00e9n\u00e9voles ont pris une journ\u00e9e sur leur temps libre pour concocter ce v\u00e9ritable repas de f\u00eate dont la plupart des ingr\u00e9dients proviennent de dons de leurs fournisseurs, comme les chocolats Valrhona, M\u00e9tro ou encore l\u2019entreprise Gicquel avec qui collabore l\u2019\u00e9tablissement et qui a fait don de tous les plateaux-repas, indispensables \u00e0 la livraison.<\/span><\/p>\n<p><span style=\"font-family: arial, helvetica, sans-serif\">Gr\u00e2ce \u00e0 ces dons, les \u00e9l\u00e8ves ont pu \u00e9laborer ce menu sp\u00e9cial avec leurs professeurs pour que les 80\u00a0b\u00e9n\u00e9ficiaires du Secours populaire cette ann\u00e9e puissent profiter d\u2019un menu en trois courses\u00a0: rillettes de maquereaux, filet de rouget, gaufre au saumon fum\u00e9, parmentier de canard et tarte au chocolat\u2026<\/span><\/p>\n","protected":false},"excerpt":{"rendered":"<p>Dix \u00e9l\u00e8ves de 1re professionnelle cuisine du lyc\u00e9e Jacques-de-Romas, \u00e0 N\u00e9rac, ont pris sur leur temps libre pour confectionner 80<\/p>\n","protected":false},"author":166,"featured_media":0,"comment_status":"open","ping_status":"closed","sticky":false,"template":"","format":"standard","meta":{"footnotes":""},"categories":[8],"tags":[],"class_list":["post-4156","post","type-post","status-publish","format-standard","hentry","category-news-hr"],"_links":{"self":[{"href":"https:\/\/ent2d.ac-bordeaux.fr\/disciplines\/hotellerie\/wp-json\/wp\/v2\/posts\/4156","targetHints":{"allow":["GET"]}}],"collection":[{"href":"https:\/\/ent2d.ac-bordeaux.fr\/disciplines\/hotellerie\/wp-json\/wp\/v2\/posts"}],"about":[{"href":"https:\/\/ent2d.ac-bordeaux.fr\/disciplines\/hotellerie\/wp-json\/wp\/v2\/types\/post"}],"author":[{"embeddable":true,"href":"https:\/\/ent2d.ac-bordeaux.fr\/disciplines\/hotellerie\/wp-json\/wp\/v2\/users\/166"}],"replies":[{"embeddable":true,"href":"https:\/\/ent2d.ac-bordeaux.fr\/disciplines\/hotellerie\/wp-json\/wp\/v2\/comments?post=4156"}],"version-history":[{"count":4,"href":"https:\/\/ent2d.ac-bordeaux.fr\/disciplines\/hotellerie\/wp-json\/wp\/v2\/posts\/4156\/revisions"}],"predecessor-version":[{"id":4187,"href":"https:\/\/ent2d.ac-bordeaux.fr\/disciplines\/hotellerie\/wp-json\/wp\/v2\/posts\/4156\/revisions\/4187"}],"wp:attachment":[{"href":"https:\/\/ent2d.ac-bordeaux.fr\/disciplines\/hotellerie\/wp-json\/wp\/v2\/media?parent=4156"}],"wp:term":[{"taxonomy":"category","embeddable":true,"href":"https:\/\/ent2d.ac-bordeaux.fr\/disciplines\/hotellerie\/wp-json\/wp\/v2\/categories?post=4156"},{"taxonomy":"post_tag","embeddable":true,"href":"https:\/\/ent2d.ac-bordeaux.fr\/disciplines\/hotellerie\/wp-json\/wp\/v2\/tags?post=4156"}],"curies":[{"name":"wp","href":"https:\/\/api.w.org\/{rel}","templated":true}]}}