{"id":2504,"date":"2018-01-08T19:04:27","date_gmt":"2018-01-08T18:04:27","guid":{"rendered":"https:\/\/ent2d.ac-bordeaux.fr\/disciplines\/hotellerie\/?p=2504"},"modified":"2018-01-09T08:41:35","modified_gmt":"2018-01-09T07:41:35","slug":"journee-professionnelle-avec-le-chef-de-lhotel-du-palais-jean-marie-gautier-pour-les-eleves-de-lecole-hoteliere-de-biarritz","status":"publish","type":"post","link":"https:\/\/ent2d.ac-bordeaux.fr\/disciplines\/hotellerie\/2018\/01\/08\/journee-professionnelle-avec-le-chef-de-lhotel-du-palais-jean-marie-gautier-pour-les-eleves-de-lecole-hoteliere-de-biarritz\/","title":{"rendered":"Journ\u00e9e professionnelle avec le chef de l\u2019H\u00f4tel du Palais, Jean-Marie GAUTIER pour les \u00e9l\u00e8ves de l&#8217;Ecole H\u00f4teli\u00e8re de BIARRITZ"},"content":{"rendered":"<p>Le 19 d\u00e9cembre 2017, les \u00e9l\u00e8ves de terminales PRO R3 ont partag\u00e9 une journ\u00e9e professionnelle avec le chef de l\u2019H\u00f4tel du Palais, Jean-Marie GAUTIER, Meilleur Ouvrier de France Cuisine.<\/p>\n<p>Une journ\u00e9e riche en partage d\u2019exp\u00e9riences professionnelles, mais aussi sur l\u2019\u00e9volution des nouvelles techniques culinaires ou d\u00e9riv\u00e9s des bases classiques de la cuisine fran\u00e7aise.<\/p>\n<p><a href=\"https:\/\/ent2d.ac-bordeaux.fr\/disciplines\/hotellerie\/wp-content\/uploads\/sites\/46\/2018\/01\/JOURNEE-PROFESSIONNELLE-AU-LYCEE-BIARRITZ-ATLANTIQUE.pdf\">Lire l&#8217;article\u00a0 : JOURNEE PROFESSIONNELLE AU LYCEE BIARRITZ ATLANTIQUE<\/a><\/p>\n<p><span style=\"color: #0000ff;font-size: 10pt\">=&gt; Merci \u00e0 Pierre-Olivier GRUBER<\/span><\/p>\n<p><img loading=\"lazy\" decoding=\"async\" class=\"aligncenter size-full wp-image-2505\" src=\"https:\/\/ent2d.ac-bordeaux.fr\/disciplines\/hotellerie\/wp-content\/uploads\/sites\/46\/2018\/01\/Capture-d\u2019e\u0301cran-2018-01-08-a\u0300-19.00.38.png\" alt=\"\" width=\"936\" height=\"568\" srcset=\"https:\/\/ent2d.ac-bordeaux.fr\/disciplines\/hotellerie\/wp-content\/uploads\/sites\/46\/2018\/01\/Capture-d\u2019e\u0301cran-2018-01-08-a\u0300-19.00.38.png 936w, https:\/\/ent2d.ac-bordeaux.fr\/disciplines\/hotellerie\/wp-content\/uploads\/sites\/46\/2018\/01\/Capture-d\u2019e\u0301cran-2018-01-08-a\u0300-19.00.38-300x182.png 300w, https:\/\/ent2d.ac-bordeaux.fr\/disciplines\/hotellerie\/wp-content\/uploads\/sites\/46\/2018\/01\/Capture-d\u2019e\u0301cran-2018-01-08-a\u0300-19.00.38-768x466.png 768w\" sizes=\"auto, (max-width: 936px) 100vw, 936px\" \/><\/p>\n","protected":false},"excerpt":{"rendered":"<p>Le 19 d\u00e9cembre 2017, les \u00e9l\u00e8ves de terminales PRO R3 ont partag\u00e9 une journ\u00e9e professionnelle avec le chef de l\u2019H\u00f4tel<\/p>\n","protected":false},"author":166,"featured_media":0,"comment_status":"open","ping_status":"closed","sticky":false,"template":"","format":"standard","meta":{"footnotes":""},"categories":[8],"tags":[],"class_list":["post-2504","post","type-post","status-publish","format-standard","hentry","category-news-hr"],"_links":{"self":[{"href":"https:\/\/ent2d.ac-bordeaux.fr\/disciplines\/hotellerie\/wp-json\/wp\/v2\/posts\/2504","targetHints":{"allow":["GET"]}}],"collection":[{"href":"https:\/\/ent2d.ac-bordeaux.fr\/disciplines\/hotellerie\/wp-json\/wp\/v2\/posts"}],"about":[{"href":"https:\/\/ent2d.ac-bordeaux.fr\/disciplines\/hotellerie\/wp-json\/wp\/v2\/types\/post"}],"author":[{"embeddable":true,"href":"https:\/\/ent2d.ac-bordeaux.fr\/disciplines\/hotellerie\/wp-json\/wp\/v2\/users\/166"}],"replies":[{"embeddable":true,"href":"https:\/\/ent2d.ac-bordeaux.fr\/disciplines\/hotellerie\/wp-json\/wp\/v2\/comments?post=2504"}],"version-history":[{"count":2,"href":"https:\/\/ent2d.ac-bordeaux.fr\/disciplines\/hotellerie\/wp-json\/wp\/v2\/posts\/2504\/revisions"}],"predecessor-version":[{"id":2517,"href":"https:\/\/ent2d.ac-bordeaux.fr\/disciplines\/hotellerie\/wp-json\/wp\/v2\/posts\/2504\/revisions\/2517"}],"wp:attachment":[{"href":"https:\/\/ent2d.ac-bordeaux.fr\/disciplines\/hotellerie\/wp-json\/wp\/v2\/media?parent=2504"}],"wp:term":[{"taxonomy":"category","embeddable":true,"href":"https:\/\/ent2d.ac-bordeaux.fr\/disciplines\/hotellerie\/wp-json\/wp\/v2\/categories?post=2504"},{"taxonomy":"post_tag","embeddable":true,"href":"https:\/\/ent2d.ac-bordeaux.fr\/disciplines\/hotellerie\/wp-json\/wp\/v2\/tags?post=2504"}],"curies":[{"name":"wp","href":"https:\/\/api.w.org\/{rel}","templated":true}]}}