{"id":4947,"date":"2026-04-29T19:37:08","date_gmt":"2026-04-29T17:37:08","guid":{"rendered":"https:\/\/ent2d.ac-bordeaux.fr\/disciplines\/histoire-geographie\/?p=4947"},"modified":"2026-04-29T20:21:20","modified_gmt":"2026-04-29T18:21:20","slug":"traam-lycee-terminale-histoire-creer-et-critiques-des-cartes-mentales-generees-par-une-ia-les-regimes-totalitaires","status":"publish","type":"post","link":"https:\/\/ent2d.ac-bordeaux.fr\/disciplines\/histoire-geographie\/2026\/04\/29\/traam-lycee-terminale-histoire-creer-et-critiques-des-cartes-mentales-generees-par-une-ia-les-regimes-totalitaires\/","title":{"rendered":"TraAM &#8211; Lyc\u00e9e &#8211; Terminale &#8211; Histoire : Cr\u00e9er et critiques des cartes mentales g\u00e9n\u00e9r\u00e9es par une IA : \u00ab\u00a0Les r\u00e9gimes totalitaires\u00a0\u00bb"},"content":{"rendered":"<p>Dans le cadre des TraAM, R\u00e9my Fauthoux (enseignant au lyc\u00e9e Jules Supervielle \u00e0 Oloron Sainte-Marie) a exp\u00e9riment\u00e9, avec des \u00e9l\u00e8ves de Terminale, la <strong>cr\u00e9ation de cartes mentales<\/strong> \u00e0 l&rsquo;aide d&rsquo;une IA g\u00e9n\u00e9rative, comme aide \u00e0 l\u2019organisation de la pens\u00e9e et \u00e0 la m\u00e9morisation. La premi\u00e8re carte mentale propos\u00e9e par le professeur est critiqu\u00e9e et am\u00e9lior\u00e9e par les \u00e9l\u00e8ves.<\/p>\n<p>&nbsp;<\/p>\n<p><a href=\"https:\/\/nuage02.apps.education.fr\/index.php\/s\/LFbzZDyzQxysHqL\" target=\"_blank\" rel=\"noopener\">Fiche de pr\u00e9sentation de l\u2019activit\u00e9 (professeur et \u00e9l\u00e8ve)<\/a><\/p>\n<p>Lien vers le document distribu\u00e9 et les productions :<\/p>\n<ul>\n<li><a href=\"https:\/\/nuage02.apps.education.fr\/index.php\/s\/psCidTe7ZSAXwms\" target=\"_blank\" rel=\"noopener\">Fiche d&rsquo;activit\u00e9 \u00e9l\u00e8ve<\/a>.<\/li>\n<li><a href=\"https:\/\/nuage02.apps.education.fr\/index.php\/s\/izDSMcZg5xsf9D3\" target=\"_blank\" rel=\"noopener\">Exemples de cartes mentales corrig\u00e9es et de prompts<\/a>.<\/li>\n<\/ul>\n","protected":false},"excerpt":{"rendered":"<p>Dans le cadre des TraAM, R\u00e9my Fauthoux (enseignant au lyc\u00e9e Jules Supervielle \u00e0 Oloron Sainte-Marie) a exp\u00e9riment\u00e9, avec des \u00e9l\u00e8ves<\/p>\n","protected":false},"author":2937,"featured_media":4953,"comment_status":"closed","ping_status":"closed","sticky":false,"template":"","format":"standard","meta":{"footnotes":""},"categories":[479],"tags":[499,386,59,500,51,483],"class_list":["post-4947","post","type-post","status-publish","format-standard","has-post-thumbnail","hentry","category-axe-3-ia-pour-preparer-les-evaluations-et-examens-et-developper-lautonomie-des-eleves","tag-carte-mentale","tag-esprit-critique","tag-ia","tag-monica","tag-numerique","tag-traam"],"_links":{"self":[{"href":"https:\/\/ent2d.ac-bordeaux.fr\/disciplines\/histoire-geographie\/wp-json\/wp\/v2\/posts\/4947","targetHints":{"allow":["GET"]}}],"collection":[{"href":"https:\/\/ent2d.ac-bordeaux.fr\/disciplines\/histoire-geographie\/wp-json\/wp\/v2\/posts"}],"about":[{"href":"https:\/\/ent2d.ac-bordeaux.fr\/disciplines\/histoire-geographie\/wp-json\/wp\/v2\/types\/post"}],"author":[{"embeddable":true,"href":"https:\/\/ent2d.ac-bordeaux.fr\/disciplines\/histoire-geographie\/wp-json\/wp\/v2\/users\/2937"}],"replies":[{"embeddable":true,"href":"https:\/\/ent2d.ac-bordeaux.fr\/disciplines\/histoire-geographie\/wp-json\/wp\/v2\/comments?post=4947"}],"version-history":[{"count":6,"href":"https:\/\/ent2d.ac-bordeaux.fr\/disciplines\/histoire-geographie\/wp-json\/wp\/v2\/posts\/4947\/revisions"}],"predecessor-version":[{"id":4981,"href":"https:\/\/ent2d.ac-bordeaux.fr\/disciplines\/histoire-geographie\/wp-json\/wp\/v2\/posts\/4947\/revisions\/4981"}],"wp:featuredmedia":[{"embeddable":true,"href":"https:\/\/ent2d.ac-bordeaux.fr\/disciplines\/histoire-geographie\/wp-json\/wp\/v2\/media\/4953"}],"wp:attachment":[{"href":"https:\/\/ent2d.ac-bordeaux.fr\/disciplines\/histoire-geographie\/wp-json\/wp\/v2\/media?parent=4947"}],"wp:term":[{"taxonomy":"category","embeddable":true,"href":"https:\/\/ent2d.ac-bordeaux.fr\/disciplines\/histoire-geographie\/wp-json\/wp\/v2\/categories?post=4947"},{"taxonomy":"post_tag","embeddable":true,"href":"https:\/\/ent2d.ac-bordeaux.fr\/disciplines\/histoire-geographie\/wp-json\/wp\/v2\/tags?post=4947"}],"curies":[{"name":"wp","href":"https:\/\/api.w.org\/{rel}","templated":true}]}}