{"id":4945,"date":"2026-04-29T19:53:34","date_gmt":"2026-04-29T17:53:34","guid":{"rendered":"https:\/\/ent2d.ac-bordeaux.fr\/disciplines\/histoire-geographie\/?p=4945"},"modified":"2026-04-29T19:53:34","modified_gmt":"2026-04-29T17:53:34","slug":"traam-college-3eme-redaction-dune-charte-de-lia","status":"publish","type":"post","link":"https:\/\/ent2d.ac-bordeaux.fr\/disciplines\/histoire-geographie\/2026\/04\/29\/traam-college-3eme-redaction-dune-charte-de-lia\/","title":{"rendered":"TraAm &#8211; coll\u00e8ge &#8211; 3\u00e8me : R\u00e9daction d&rsquo;une charte de l&rsquo;IA"},"content":{"rendered":"<p>Dans le cadre des TraAM, Mouniati MOANA-CHAKOUR (enseignante au coll\u00e8ge Saint-Selve \u00e0 Saint-Selve) a exp\u00e9riment\u00e9, avec des \u00e9l\u00e8ves de 3\u00e8me, la <strong>r\u00e9daction d&rsquo;une charte de l&rsquo;usage des IA en classe<\/strong>.<\/p>\n<p>&nbsp;<\/p>\n<p><a href=\"https:\/\/nuage02.apps.education.fr\/index.php\/s\/iWq2AWB5Zg8HLDN\" target=\"_blank\" rel=\"noopener\">Fiche de pr\u00e9sentation de l\u2019activit\u00e9 (professeur et \u00e9l\u00e8ve)<\/a><\/p>\n<p>Lien vers le document distribu\u00e9 :<\/p>\n<ul>\n<li><a href=\"https:\/\/nuage02.apps.education.fr\/index.php\/s\/fews37PNQSNP9ea\" target=\"_blank\" rel=\"noopener\">D\u00e9bat Q-Sort<\/a> : \u00ab\u00a0l\u2019intelligence artificielle et moi\u00a0\u00bb.<\/li>\n<li><a href=\"https:\/\/nuage02.apps.education.fr\/index.php\/s\/PfXg7dYXRgbez84\" target=\"_blank\" rel=\"noopener\">Tableau de synth\u00e8se des recherches<\/a> : \u00ab\u00a0Les IA : comment \u00e7a marche ? Quels enjeux ?\u00a0\u00bb.<\/li>\n<li>Exemples <a href=\"https:\/\/nuage02.apps.education.fr\/index.php\/s\/x77iKzbEFnmYJwW\" target=\"_blank\" rel=\"noopener\">1<\/a> et <a href=\"https:\/\/nuage02.apps.education.fr\/index.php\/s\/PapiDBTngDoXNfn\" target=\"_blank\" rel=\"noopener\">2<\/a> de Chartes d&rsquo;usage des IA.<\/li>\n<\/ul>\n","protected":false},"excerpt":{"rendered":"<p>Dans le cadre des TraAM, Mouniati MOANA-CHAKOUR (enseignante au coll\u00e8ge Saint-Selve \u00e0 Saint-Selve) a exp\u00e9riment\u00e9, avec des \u00e9l\u00e8ves de 3\u00e8me,<\/p>\n","protected":false},"author":2937,"featured_media":4955,"comment_status":"closed","ping_status":"closed","sticky":false,"template":"","format":"standard","meta":{"footnotes":""},"categories":[478],"tags":[90,501,70,502,386,59,51,483],"class_list":["post-4945","post","type-post","status-publish","format-standard","has-post-thumbnail","hentry","category-axe-2-ia-pour-developper-lesprit-critique-des-eleves","tag-3eme","tag-charte","tag-college","tag-enjeux","tag-esprit-critique","tag-ia","tag-numerique","tag-traam"],"_links":{"self":[{"href":"https:\/\/ent2d.ac-bordeaux.fr\/disciplines\/histoire-geographie\/wp-json\/wp\/v2\/posts\/4945","targetHints":{"allow":["GET"]}}],"collection":[{"href":"https:\/\/ent2d.ac-bordeaux.fr\/disciplines\/histoire-geographie\/wp-json\/wp\/v2\/posts"}],"about":[{"href":"https:\/\/ent2d.ac-bordeaux.fr\/disciplines\/histoire-geographie\/wp-json\/wp\/v2\/types\/post"}],"author":[{"embeddable":true,"href":"https:\/\/ent2d.ac-bordeaux.fr\/disciplines\/histoire-geographie\/wp-json\/wp\/v2\/users\/2937"}],"replies":[{"embeddable":true,"href":"https:\/\/ent2d.ac-bordeaux.fr\/disciplines\/histoire-geographie\/wp-json\/wp\/v2\/comments?post=4945"}],"version-history":[{"count":3,"href":"https:\/\/ent2d.ac-bordeaux.fr\/disciplines\/histoire-geographie\/wp-json\/wp\/v2\/posts\/4945\/revisions"}],"predecessor-version":[{"id":4956,"href":"https:\/\/ent2d.ac-bordeaux.fr\/disciplines\/histoire-geographie\/wp-json\/wp\/v2\/posts\/4945\/revisions\/4956"}],"wp:featuredmedia":[{"embeddable":true,"href":"https:\/\/ent2d.ac-bordeaux.fr\/disciplines\/histoire-geographie\/wp-json\/wp\/v2\/media\/4955"}],"wp:attachment":[{"href":"https:\/\/ent2d.ac-bordeaux.fr\/disciplines\/histoire-geographie\/wp-json\/wp\/v2\/media?parent=4945"}],"wp:term":[{"taxonomy":"category","embeddable":true,"href":"https:\/\/ent2d.ac-bordeaux.fr\/disciplines\/histoire-geographie\/wp-json\/wp\/v2\/categories?post=4945"},{"taxonomy":"post_tag","embeddable":true,"href":"https:\/\/ent2d.ac-bordeaux.fr\/disciplines\/histoire-geographie\/wp-json\/wp\/v2\/tags?post=4945"}],"curies":[{"name":"wp","href":"https:\/\/api.w.org\/{rel}","templated":true}]}}