{"id":4936,"date":"2026-04-29T19:52:58","date_gmt":"2026-04-29T17:52:58","guid":{"rendered":"https:\/\/ent2d.ac-bordeaux.fr\/disciplines\/histoire-geographie\/?p=4936"},"modified":"2026-04-29T19:58:58","modified_gmt":"2026-04-29T17:58:58","slug":"traam-college-4eme-histoire-lia-generative-au-service-de-la-differenciation-la-revolution-francaise-et-lempire","status":"publish","type":"post","link":"https:\/\/ent2d.ac-bordeaux.fr\/disciplines\/histoire-geographie\/2026\/04\/29\/traam-college-4eme-histoire-lia-generative-au-service-de-la-differenciation-la-revolution-francaise-et-lempire\/","title":{"rendered":"TraAM &#8211; Coll\u00e8ge &#8211; 4\u00e8me &#8211; Histoire : L&rsquo;IA g\u00e9n\u00e9rative au service de la diff\u00e9renciation : \u00ab\u00a0La R\u00e9volution fran\u00e7aise et l\u2019Empire\u00a0\u00bb"},"content":{"rendered":"<p>Dans le cadre des TraAM, Olivier Fourrier (enseignant au Coll\u00e8ge Fran\u00e7ois Truffaut \u00e0 Saint-Martin-de-Seignanx) a exp\u00e9riment\u00e9, avec des \u00e9l\u00e8ves de 4\u00e8me, l\u2019int\u00e9gration d\u2019une IA g\u00e9n\u00e9rative comme dispositif de diff\u00e9renciation efficace pour soutenir le raisonnement historique, la synth\u00e8se et les comp\u00e9tences de production \u00e9crite.<\/p>\n<p>&nbsp;<\/p>\n<p><a href=\"https:\/\/nuage02.apps.education.fr\/index.php\/s\/tCBoXyjsszHnDNi\" target=\"_blank\" rel=\"noopener\">Fiche de pr\u00e9sentation de l\u2019activit\u00e9 (professeur et \u00e9l\u00e8ve)<\/a><\/p>\n<p>Lien vers les documents distribu\u00e9s et les productions :<\/p>\n<ul>\n<li><a href=\"https:\/\/nuage02.apps.education.fr\/index.php\/s\/QeyREddnkqDixxw\" target=\"_blank\" rel=\"noopener\">Consignes et fiches d&rsquo;activit\u00e9 \u00e9l\u00e8ve<\/a>.<\/li>\n<li><a href=\"https:\/\/nuage02.apps.education.fr\/index.php\/s\/FgxGtiT4tsHa44B\" target=\"_blank\" rel=\"noopener\">Exemples de productions d&rsquo;\u00e9l\u00e8ves<\/a>.<\/li>\n<li><a href=\"https:\/\/nuage02.apps.education.fr\/index.php\/s\/jaLG69FyGtsCCLg\" target=\"_blank\" rel=\"noopener\">Vid\u00e9o<\/a> d&rsquo;un \u00ab\u00a0Grand Oral\u00a0\u00bb.<\/li>\n<\/ul>\n","protected":false},"excerpt":{"rendered":"<p>Dans le cadre des TraAM, Olivier Fourrier (enseignant au Coll\u00e8ge Fran\u00e7ois Truffaut \u00e0 Saint-Martin-de-Seignanx) a exp\u00e9riment\u00e9, avec des \u00e9l\u00e8ves de<\/p>\n","protected":false},"author":2937,"featured_media":4971,"comment_status":"closed","ping_status":"closed","sticky":false,"template":"","format":"standard","meta":{"footnotes":""},"categories":[477],"tags":[87,67,59,51,82,496,495,497,483],"class_list":["post-4936","post","type-post","status-publish","format-standard","has-post-thumbnail","hentry","category-axe-1-ia-pour-developper-les-competences-des-eleves","tag-4eme","tag-differenciation","tag-ia","tag-numerique","tag-oral","tag-raisonnement-historique","tag-revolution","tag-synthese","tag-traam"],"_links":{"self":[{"href":"https:\/\/ent2d.ac-bordeaux.fr\/disciplines\/histoire-geographie\/wp-json\/wp\/v2\/posts\/4936","targetHints":{"allow":["GET"]}}],"collection":[{"href":"https:\/\/ent2d.ac-bordeaux.fr\/disciplines\/histoire-geographie\/wp-json\/wp\/v2\/posts"}],"about":[{"href":"https:\/\/ent2d.ac-bordeaux.fr\/disciplines\/histoire-geographie\/wp-json\/wp\/v2\/types\/post"}],"author":[{"embeddable":true,"href":"https:\/\/ent2d.ac-bordeaux.fr\/disciplines\/histoire-geographie\/wp-json\/wp\/v2\/users\/2937"}],"replies":[{"embeddable":true,"href":"https:\/\/ent2d.ac-bordeaux.fr\/disciplines\/histoire-geographie\/wp-json\/wp\/v2\/comments?post=4936"}],"version-history":[{"count":6,"href":"https:\/\/ent2d.ac-bordeaux.fr\/disciplines\/histoire-geographie\/wp-json\/wp\/v2\/posts\/4936\/revisions"}],"predecessor-version":[{"id":4980,"href":"https:\/\/ent2d.ac-bordeaux.fr\/disciplines\/histoire-geographie\/wp-json\/wp\/v2\/posts\/4936\/revisions\/4980"}],"wp:featuredmedia":[{"embeddable":true,"href":"https:\/\/ent2d.ac-bordeaux.fr\/disciplines\/histoire-geographie\/wp-json\/wp\/v2\/media\/4971"}],"wp:attachment":[{"href":"https:\/\/ent2d.ac-bordeaux.fr\/disciplines\/histoire-geographie\/wp-json\/wp\/v2\/media?parent=4936"}],"wp:term":[{"taxonomy":"category","embeddable":true,"href":"https:\/\/ent2d.ac-bordeaux.fr\/disciplines\/histoire-geographie\/wp-json\/wp\/v2\/categories?post=4936"},{"taxonomy":"post_tag","embeddable":true,"href":"https:\/\/ent2d.ac-bordeaux.fr\/disciplines\/histoire-geographie\/wp-json\/wp\/v2\/tags?post=4936"}],"curies":[{"name":"wp","href":"https:\/\/api.w.org\/{rel}","templated":true}]}}