{"id":4907,"date":"2026-04-29T19:53:42","date_gmt":"2026-04-29T17:53:42","guid":{"rendered":"https:\/\/ent2d.ac-bordeaux.fr\/disciplines\/histoire-geographie\/?p=4907"},"modified":"2026-04-29T19:53:42","modified_gmt":"2026-04-29T17:53:42","slug":"traam-lycee-1ere-cours-introductif-a-lhggsp-rediger-une-revue-de-presse-a-laide-dune-ia-generative","status":"publish","type":"post","link":"https:\/\/ent2d.ac-bordeaux.fr\/disciplines\/histoire-geographie\/2026\/04\/29\/traam-lycee-1ere-cours-introductif-a-lhggsp-rediger-une-revue-de-presse-a-laide-dune-ia-generative\/","title":{"rendered":"TraAM &#8211; Lyc\u00e9e &#8211; 1\u00e8re &#8211; Cours introductif \u00e0 l\u2019HGGSP : R\u00e9diger une revue de presse \u00e0 l&rsquo;aide d&rsquo;une IA g\u00e9n\u00e9rative"},"content":{"rendered":"<p>Dans le cadre des TraAM, Alexis De Philippo (enseignant au lyc\u00e9e Gis\u00e8le Halimi \u00e0 Bazas) a exp\u00e9riment\u00e9, avec des \u00e9l\u00e8ves de 1\u00e8re HGGSP, la <strong>r\u00e9daction d&rsquo;une revue de presse r\u00e9alis\u00e9e \u00e0 l\u2019aide d\u2019une intelligence artificielle g\u00e9n\u00e9rative<\/strong> afin d\u2019analyser un fait d\u2019actualit\u00e9 tout en d\u00e9veloppant une approche critique des sources et des biais informationnels.<\/p>\n<p>&nbsp;<\/p>\n<p><a href=\"https:\/\/nuage02.apps.education.fr\/index.php\/s\/ZgZmND4SsLW3QzW\" target=\"_blank\" rel=\"noopener\">Fiche de pr\u00e9sentation de l\u2019activit\u00e9 (professeur et \u00e9l\u00e8ve)<\/a><\/p>\n<p>Lien vers les documents distribu\u00e9s :<\/p>\n<ul>\n<li><a href=\"https:\/\/nuage02.apps.education.fr\/index.php\/s\/2PZypZt3Ze9igSD\" target=\"_blank\" rel=\"noopener\">Fiche d&rsquo;activit\u00e9 \u00e9l\u00e8ve<\/a> : Revue de presse.<\/li>\n<li><a href=\"https:\/\/nuage02.apps.education.fr\/index.php\/s\/yfCGrY93NHkGF6a\" target=\"_blank\" rel=\"noopener\">Fiche d&rsquo;activit\u00e9 \u00e9l\u00e8ve<\/a> : \u00ab\u00a0sources IA\u00a0\u00bb.<\/li>\n<li><a href=\"https:\/\/nuage02.apps.education.fr\/index.php\/s\/3HTsA5WzxmL96aL\" target=\"_blank\" rel=\"noopener\">Fiche m\u00e9thode<\/a> : R\u00e9aliser une revue de presse.<\/li>\n<\/ul>\n","protected":false},"excerpt":{"rendered":"<p>Dans le cadre des TraAM, Alexis De Philippo (enseignant au lyc\u00e9e Gis\u00e8le Halimi \u00e0 Bazas) a exp\u00e9riment\u00e9, avec des \u00e9l\u00e8ves<\/p>\n","protected":false},"author":2937,"featured_media":4922,"comment_status":"closed","ping_status":"closed","sticky":false,"template":"","format":"standard","meta":{"footnotes":""},"categories":[478],"tags":[490,386,400,59,51,488,489,483],"class_list":["post-4907","post","type-post","status-publish","format-standard","has-post-thumbnail","hentry","category-axe-2-ia-pour-developper-lesprit-critique-des-eleves","tag-biais","tag-esprit-critique","tag-hggsp-termniale","tag-ia","tag-numerique","tag-revue-de-presse","tag-sources","tag-traam"],"_links":{"self":[{"href":"https:\/\/ent2d.ac-bordeaux.fr\/disciplines\/histoire-geographie\/wp-json\/wp\/v2\/posts\/4907","targetHints":{"allow":["GET"]}}],"collection":[{"href":"https:\/\/ent2d.ac-bordeaux.fr\/disciplines\/histoire-geographie\/wp-json\/wp\/v2\/posts"}],"about":[{"href":"https:\/\/ent2d.ac-bordeaux.fr\/disciplines\/histoire-geographie\/wp-json\/wp\/v2\/types\/post"}],"author":[{"embeddable":true,"href":"https:\/\/ent2d.ac-bordeaux.fr\/disciplines\/histoire-geographie\/wp-json\/wp\/v2\/users\/2937"}],"replies":[{"embeddable":true,"href":"https:\/\/ent2d.ac-bordeaux.fr\/disciplines\/histoire-geographie\/wp-json\/wp\/v2\/comments?post=4907"}],"version-history":[{"count":6,"href":"https:\/\/ent2d.ac-bordeaux.fr\/disciplines\/histoire-geographie\/wp-json\/wp\/v2\/posts\/4907\/revisions"}],"predecessor-version":[{"id":4935,"href":"https:\/\/ent2d.ac-bordeaux.fr\/disciplines\/histoire-geographie\/wp-json\/wp\/v2\/posts\/4907\/revisions\/4935"}],"wp:featuredmedia":[{"embeddable":true,"href":"https:\/\/ent2d.ac-bordeaux.fr\/disciplines\/histoire-geographie\/wp-json\/wp\/v2\/media\/4922"}],"wp:attachment":[{"href":"https:\/\/ent2d.ac-bordeaux.fr\/disciplines\/histoire-geographie\/wp-json\/wp\/v2\/media?parent=4907"}],"wp:term":[{"taxonomy":"category","embeddable":true,"href":"https:\/\/ent2d.ac-bordeaux.fr\/disciplines\/histoire-geographie\/wp-json\/wp\/v2\/categories?post=4907"},{"taxonomy":"post_tag","embeddable":true,"href":"https:\/\/ent2d.ac-bordeaux.fr\/disciplines\/histoire-geographie\/wp-json\/wp\/v2\/tags?post=4907"}],"curies":[{"name":"wp","href":"https:\/\/api.w.org\/{rel}","templated":true}]}}