{"id":4899,"date":"2026-04-18T11:00:05","date_gmt":"2026-04-18T09:00:05","guid":{"rendered":"https:\/\/ent2d.ac-bordeaux.fr\/disciplines\/histoire-geographie\/?p=4899"},"modified":"2026-04-29T19:53:59","modified_gmt":"2026-04-29T17:53:59","slug":"traam-college-3eme-histoire-construire-des-outils-de-revision-a-laide-de-quizwizard-lia-de-wooflash-democraties-fragilisees-et-experiences-totalitaires-dans-leurope-de-lent","status":"publish","type":"post","link":"https:\/\/ent2d.ac-bordeaux.fr\/disciplines\/histoire-geographie\/2026\/04\/18\/traam-college-3eme-histoire-construire-des-outils-de-revision-a-laide-de-quizwizard-lia-de-wooflash-democraties-fragilisees-et-experiences-totalitaires-dans-leurope-de-lent\/","title":{"rendered":"TraAM &#8211; Coll\u00e8ge &#8211; 3\u00e8me &#8211; Histoire : Construire des outils de r\u00e9vision \u00e0 l\u2019aide de Quizwizard, l&rsquo;IA de Wooflash : \u00ab\u00a0D\u00e9mocraties fragilis\u00e9es et exp\u00e9riences totalitaires dans l&rsquo;Europe de l&rsquo;entre-deux-guerres\u00a0\u00bb"},"content":{"rendered":"<p>Dans le cadre des TraAM, Christophe Delgado (enseignant au coll\u00e8ge Albert Camus \u00e0 Bayonne) a exp\u00e9riment\u00e9, avec des \u00e9l\u00e8ves de 3\u00e8me, la <strong>construction d&rsquo;outils de r\u00e9vision<\/strong> \u00e0 l\u2019aide de Quizwizard, l&rsquo;IA de Wooflash.<\/p>\n<p>&nbsp;<\/p>\n<p><a href=\"https:\/\/nuage02.apps.education.fr\/index.php\/s\/SsjwcHn26Qx3p3j\" target=\"_blank\" rel=\"noopener\">Fiche de pr\u00e9sentation de l\u2019activit\u00e9 (professeur et \u00e9l\u00e8ve)<\/a><\/p>\n<p>Lien vers les documents distribu\u00e9s :<\/p>\n<ul>\n<li><a href=\"https:\/\/nuage02.apps.education.fr\/index.php\/s\/ntX2SgE26Q8cowW\" target=\"_blank\" rel=\"noopener\">Sondage <\/a>sur l\u2019utilisation des IA au coll\u00e8ge.<\/li>\n<li><a href=\"https:\/\/nuage02.apps.education.fr\/index.php\/s\/a7MZNExMJWBnFG2\" target=\"_blank\" rel=\"noopener\">Questionnaire <\/a>pour \u00e9valuer leur niveau de connaissance du RGPD et du Cadre d\u2019usage de l\u2019IA en \u00e9ducation.<\/li>\n<li><a href=\"https:\/\/nuage02.apps.education.fr\/index.php\/s\/QWwJJPGkcfN8E5q\" target=\"_blank\" rel=\"noopener\">Fiche pr\u00e9sentant le RGPD et le Cadre de l\u2019IA en \u00e9ducation<\/a>.<\/li>\n<li><a href=\"https:\/\/nuage02.apps.education.fr\/index.php\/s\/ZfkEKKL8QWfWRcA\" target=\"_blank\" rel=\"noopener\">Evaluation <\/a>(comp\u00e9tences) : R\u00e9aliser d&rsquo;outils de r\u00e9vision avec Wooflash.<\/li>\n<li><a href=\"https:\/\/nuage02.apps.education.fr\/index.php\/s\/bfC5QWgHCgFQC9J\" target=\"_blank\" rel=\"noopener\">Fiche pr\u00e9sentant la cr\u00e9ation des comptes Wooflash avec pseudonymes<\/a>.<\/li>\n<li><a href=\"https:\/\/nuage02.apps.education.fr\/index.php\/s\/LCDYWEFat2AMWcc\" target=\"_blank\" rel=\"noopener\">Tutoriel de Quizwizard, l&rsquo;IA de Wooflash<\/a>.<\/li>\n<li><a href=\"https:\/\/nuage02.apps.education.fr\/index.php\/s\/owJajd9B39QFNtQ\" target=\"_blank\" rel=\"noopener\">Tutoriel des fonctionnalit\u00e9s de Wooflash<\/a>.<\/li>\n<\/ul>\n","protected":false},"excerpt":{"rendered":"<p>Dans le cadre des TraAM, Christophe Delgado (enseignant au coll\u00e8ge Albert Camus \u00e0 Bayonne) a exp\u00e9riment\u00e9, avec des \u00e9l\u00e8ves de<\/p>\n","protected":false},"author":2937,"featured_media":4900,"comment_status":"closed","ping_status":"closed","sticky":false,"template":"","format":"standard","meta":{"footnotes":""},"categories":[479],"tags":[90,485,486,59,51,434,57,483,433],"class_list":["post-4899","post","type-post","status-publish","format-standard","has-post-thumbnail","hentry","category-axe-3-ia-pour-preparer-les-evaluations-et-examens-et-developper-lautonomie-des-eleves","tag-3eme","tag-democraties-fragilisees","tag-experiences-totalitaires","tag-ia","tag-numerique","tag-outils-de-revision","tag-quizwizard","tag-traam","tag-wooflash"],"_links":{"self":[{"href":"https:\/\/ent2d.ac-bordeaux.fr\/disciplines\/histoire-geographie\/wp-json\/wp\/v2\/posts\/4899","targetHints":{"allow":["GET"]}}],"collection":[{"href":"https:\/\/ent2d.ac-bordeaux.fr\/disciplines\/histoire-geographie\/wp-json\/wp\/v2\/posts"}],"about":[{"href":"https:\/\/ent2d.ac-bordeaux.fr\/disciplines\/histoire-geographie\/wp-json\/wp\/v2\/types\/post"}],"author":[{"embeddable":true,"href":"https:\/\/ent2d.ac-bordeaux.fr\/disciplines\/histoire-geographie\/wp-json\/wp\/v2\/users\/2937"}],"replies":[{"embeddable":true,"href":"https:\/\/ent2d.ac-bordeaux.fr\/disciplines\/histoire-geographie\/wp-json\/wp\/v2\/comments?post=4899"}],"version-history":[{"count":4,"href":"https:\/\/ent2d.ac-bordeaux.fr\/disciplines\/histoire-geographie\/wp-json\/wp\/v2\/posts\/4899\/revisions"}],"predecessor-version":[{"id":4920,"href":"https:\/\/ent2d.ac-bordeaux.fr\/disciplines\/histoire-geographie\/wp-json\/wp\/v2\/posts\/4899\/revisions\/4920"}],"wp:featuredmedia":[{"embeddable":true,"href":"https:\/\/ent2d.ac-bordeaux.fr\/disciplines\/histoire-geographie\/wp-json\/wp\/v2\/media\/4900"}],"wp:attachment":[{"href":"https:\/\/ent2d.ac-bordeaux.fr\/disciplines\/histoire-geographie\/wp-json\/wp\/v2\/media?parent=4899"}],"wp:term":[{"taxonomy":"category","embeddable":true,"href":"https:\/\/ent2d.ac-bordeaux.fr\/disciplines\/histoire-geographie\/wp-json\/wp\/v2\/categories?post=4899"},{"taxonomy":"post_tag","embeddable":true,"href":"https:\/\/ent2d.ac-bordeaux.fr\/disciplines\/histoire-geographie\/wp-json\/wp\/v2\/tags?post=4899"}],"curies":[{"name":"wp","href":"https:\/\/api.w.org\/{rel}","templated":true}]}}