{"id":4453,"date":"2025-10-17T17:18:46","date_gmt":"2025-10-17T15:18:46","guid":{"rendered":"https:\/\/ent2d.ac-bordeaux.fr\/disciplines\/histoire-geographie\/?p=4453"},"modified":"2026-02-05T13:58:37","modified_gmt":"2026-02-05T12:58:37","slug":"pantheonisation-de-robert-badinter","status":"publish","type":"post","link":"https:\/\/ent2d.ac-bordeaux.fr\/disciplines\/histoire-geographie\/2025\/10\/17\/pantheonisation-de-robert-badinter\/","title":{"rendered":"Panth\u00e9onisation de Robert Badinter"},"content":{"rendered":"<p style=\"font-weight: 400\">Jeudi 9 octobre, en pr\u00e9sence de Monsieur le recteur Jean-Marc Huart, la <strong>classe D\u00e9fense de Madame Li\u00e9vain et de Monsieur Esperben du coll\u00e8ge Jos\u00e9phine Baker de Mios<\/strong> a eu l\u2019honneur de participer \u00e0 la c\u00e9r\u00e9monie de panth\u00e9onisation de Robert Badinter, suite \u00e0 sa production en collaboration avec l\u2019Ecole Nationale de Magistrature de Bordeaux (ENM), intitul\u00e9e \u00ab\u00a0Plaidoirie contre l\u2019oubli de Monsieur Robert Badinter\u00a0\u00bb. \u00a0Que les \u00e9l\u00e8ves et leurs professeurs soient f\u00e9licit\u00e9s pour leur engagement et nous leur souhaitons de poursuivre avec le m\u00eame enthousiasme leur travail avec l\u2019ENM.<\/p>\n<p style=\"font-weight: 400\">Pour celles et ceux qui souhaiteraient mener des projets sur Robert Badinter avec leurs \u00e9l\u00e8ves ou simplement red\u00e9couvrir l\u2019homme et son \u0153uvre, la Biblioth\u00e8que Nationale de France (BNF) propose une riche bibliographie r\u00e9actualis\u00e9e \u00e0 l\u2019occasion de la panth\u00e9onisation, rassemblant les textes majeurs et les biographies qui ont \u00e9t\u00e9 consacr\u00e9es \u00e0 cette grande figure nationale.<\/p>\n<p style=\"font-weight: 400\"><a href=\"https:\/\/www.bnf.fr\/sites\/default\/files\/2021-09\/Bibliographie%20Robert%20Badinter_0.pdf\"><strong>https:\/\/www.bnf.fr\/sites\/default\/files\/2021-09\/Bibliographie%20Robert%20Badinter_0.pdf<\/strong><\/a><\/p>\n","protected":false},"excerpt":{"rendered":"<p>Jeudi 9 octobre, en pr\u00e9sence de Monsieur le recteur Jean-Marc Huart, la classe D\u00e9fense de Madame Li\u00e9vain et de Monsieur<\/p>\n","protected":false},"author":2887,"featured_media":4454,"comment_status":"closed","ping_status":"closed","sticky":false,"template":"","format":"standard","meta":{"footnotes":""},"categories":[17,21],"tags":[326,325],"class_list":["post-4453","post","type-post","status-publish","format-standard","has-post-thumbnail","hentry","category-enseigner","category-memoires-et-citoyennete","tag-pantheonisation","tag-robert-badinter"],"_links":{"self":[{"href":"https:\/\/ent2d.ac-bordeaux.fr\/disciplines\/histoire-geographie\/wp-json\/wp\/v2\/posts\/4453","targetHints":{"allow":["GET"]}}],"collection":[{"href":"https:\/\/ent2d.ac-bordeaux.fr\/disciplines\/histoire-geographie\/wp-json\/wp\/v2\/posts"}],"about":[{"href":"https:\/\/ent2d.ac-bordeaux.fr\/disciplines\/histoire-geographie\/wp-json\/wp\/v2\/types\/post"}],"author":[{"embeddable":true,"href":"https:\/\/ent2d.ac-bordeaux.fr\/disciplines\/histoire-geographie\/wp-json\/wp\/v2\/users\/2887"}],"replies":[{"embeddable":true,"href":"https:\/\/ent2d.ac-bordeaux.fr\/disciplines\/histoire-geographie\/wp-json\/wp\/v2\/comments?post=4453"}],"version-history":[{"count":1,"href":"https:\/\/ent2d.ac-bordeaux.fr\/disciplines\/histoire-geographie\/wp-json\/wp\/v2\/posts\/4453\/revisions"}],"predecessor-version":[{"id":4455,"href":"https:\/\/ent2d.ac-bordeaux.fr\/disciplines\/histoire-geographie\/wp-json\/wp\/v2\/posts\/4453\/revisions\/4455"}],"wp:featuredmedia":[{"embeddable":true,"href":"https:\/\/ent2d.ac-bordeaux.fr\/disciplines\/histoire-geographie\/wp-json\/wp\/v2\/media\/4454"}],"wp:attachment":[{"href":"https:\/\/ent2d.ac-bordeaux.fr\/disciplines\/histoire-geographie\/wp-json\/wp\/v2\/media?parent=4453"}],"wp:term":[{"taxonomy":"category","embeddable":true,"href":"https:\/\/ent2d.ac-bordeaux.fr\/disciplines\/histoire-geographie\/wp-json\/wp\/v2\/categories?post=4453"},{"taxonomy":"post_tag","embeddable":true,"href":"https:\/\/ent2d.ac-bordeaux.fr\/disciplines\/histoire-geographie\/wp-json\/wp\/v2\/tags?post=4453"}],"curies":[{"name":"wp","href":"https:\/\/api.w.org\/{rel}","templated":true}]}}