{"id":4132,"date":"2025-05-16T15:23:35","date_gmt":"2025-05-16T13:23:35","guid":{"rendered":"https:\/\/ent2d.ac-bordeaux.fr\/disciplines\/histoire-geographie\/?p=4132"},"modified":"2026-02-05T14:00:36","modified_gmt":"2026-02-05T13:00:36","slug":"appel-a-candidatures-universite-dete-du-memorial-de-la-shoah-a-toulouse","status":"publish","type":"post","link":"https:\/\/ent2d.ac-bordeaux.fr\/disciplines\/histoire-geographie\/2025\/05\/16\/appel-a-candidatures-universite-dete-du-memorial-de-la-shoah-a-toulouse\/","title":{"rendered":"Appel \u00e0 candidatures &#8211; Universit\u00e9 d&rsquo;\u00e9t\u00e9 du M\u00e9morial de la Shoah \u00e0 Toulouse"},"content":{"rendered":"<h4>L&rsquo;appel \u00e0 candidatures pour la participation \u00e0 l&rsquo;universit\u00e9 d&rsquo;\u00e9t\u00e9 du M\u00e9morial de la Shoah organis\u00e9e \u00e0 Toulouse du 7 au 11 juillet est ouvert.<\/h4>\n<p>Les personnels souhaitant participer \u00e0 cette formation d<strong>evront se faire conna\u00eetre en remplissant les diff\u00e9rents \u00e9l\u00e9ments de la fiche d\u2019inscription d\u00e9mat\u00e9rialis\u00e9e disponible sur le site de l\u2019acad\u00e9mie de Toulouse \u00e0 l\u2019adresse suivante<\/strong> :<br \/>\n<a href=\"https:\/\/web.ac-toulouse.fr\/uems2d\" target=\"_blank\" rel=\"noopener\"><strong>https:\/\/web.ac-toulouse.fr\/uems2d<\/strong><\/a><\/p>\n<p>Les enseignants devront par ailleurs <strong>veiller \u00e0 en informer l&rsquo;inspecteur r\u00e9f\u00e9rent acad\u00e9mique M\u00e9moire et Citoyennet\u00e9 : Monsieur Laurent Lom<\/strong> : <strong><a href=\"mailto:Laurent.lom@ac-bordeaux-fr\">Laurent.lom@ac-bordeaux-fr<\/a><\/strong><\/p>\n<p><a href=\"https:\/\/ent2d.ac-bordeaux.fr\/disciplines\/histoire-geographie\/wp-content\/uploads\/sites\/18\/2025\/05\/UEMS_2025_courrier_second_degre\u0301.pdf\"><strong>T\u00e9l\u00e9charger le document d&rsquo;appel \u00e0 candidatures<\/strong><\/a><\/p>\n","protected":false},"excerpt":{"rendered":"<p>L&rsquo;appel \u00e0 candidatures pour la participation \u00e0 l&rsquo;universit\u00e9 d&rsquo;\u00e9t\u00e9 du M\u00e9morial de la Shoah organis\u00e9e \u00e0 Toulouse du 7 au<\/p>\n","protected":false},"author":2890,"featured_media":4134,"comment_status":"closed","ping_status":"closed","sticky":false,"template":"","format":"standard","meta":{"footnotes":""},"categories":[21,23],"tags":[210,240],"class_list":["post-4132","post","type-post","status-publish","format-standard","has-post-thumbnail","hentry","category-memoires-et-citoyennete","category-se-former","tag-memorial-de-la-shoah","tag-universite-dete"],"_links":{"self":[{"href":"https:\/\/ent2d.ac-bordeaux.fr\/disciplines\/histoire-geographie\/wp-json\/wp\/v2\/posts\/4132","targetHints":{"allow":["GET"]}}],"collection":[{"href":"https:\/\/ent2d.ac-bordeaux.fr\/disciplines\/histoire-geographie\/wp-json\/wp\/v2\/posts"}],"about":[{"href":"https:\/\/ent2d.ac-bordeaux.fr\/disciplines\/histoire-geographie\/wp-json\/wp\/v2\/types\/post"}],"author":[{"embeddable":true,"href":"https:\/\/ent2d.ac-bordeaux.fr\/disciplines\/histoire-geographie\/wp-json\/wp\/v2\/users\/2890"}],"replies":[{"embeddable":true,"href":"https:\/\/ent2d.ac-bordeaux.fr\/disciplines\/histoire-geographie\/wp-json\/wp\/v2\/comments?post=4132"}],"version-history":[{"count":1,"href":"https:\/\/ent2d.ac-bordeaux.fr\/disciplines\/histoire-geographie\/wp-json\/wp\/v2\/posts\/4132\/revisions"}],"predecessor-version":[{"id":4135,"href":"https:\/\/ent2d.ac-bordeaux.fr\/disciplines\/histoire-geographie\/wp-json\/wp\/v2\/posts\/4132\/revisions\/4135"}],"wp:featuredmedia":[{"embeddable":true,"href":"https:\/\/ent2d.ac-bordeaux.fr\/disciplines\/histoire-geographie\/wp-json\/wp\/v2\/media\/4134"}],"wp:attachment":[{"href":"https:\/\/ent2d.ac-bordeaux.fr\/disciplines\/histoire-geographie\/wp-json\/wp\/v2\/media?parent=4132"}],"wp:term":[{"taxonomy":"category","embeddable":true,"href":"https:\/\/ent2d.ac-bordeaux.fr\/disciplines\/histoire-geographie\/wp-json\/wp\/v2\/categories?post=4132"},{"taxonomy":"post_tag","embeddable":true,"href":"https:\/\/ent2d.ac-bordeaux.fr\/disciplines\/histoire-geographie\/wp-json\/wp\/v2\/tags?post=4132"}],"curies":[{"name":"wp","href":"https:\/\/api.w.org\/{rel}","templated":true}]}}