{"id":4115,"date":"2025-05-16T14:41:28","date_gmt":"2025-05-16T12:41:28","guid":{"rendered":"https:\/\/ent2d.ac-bordeaux.fr\/disciplines\/histoire-geographie\/?p=4115"},"modified":"2026-02-05T14:00:50","modified_gmt":"2026-02-05T13:00:50","slug":"inauguration-fresque-regards-croises-college-francois-mitterrand-pessac","status":"publish","type":"post","link":"https:\/\/ent2d.ac-bordeaux.fr\/disciplines\/histoire-geographie\/2025\/05\/16\/inauguration-fresque-regards-croises-college-francois-mitterrand-pessac\/","title":{"rendered":"Inauguration fresque Regards Crois\u00e9s &#8211; Coll\u00e8ge Fran\u00e7ois Mitterrand &#8211; Pessac"},"content":{"rendered":"<h4>Dans le cadre du projet \u00ab\u00a0regards crois\u00e9s : 1945-2025\u00a0\u00bb, les \u00e9l\u00e8ves de Mme Huon ont r\u00e9alis\u00e9 une fresque au sein de leur coll\u00e8ge Fran\u00e7ois Mitterrand de Pessac.<\/h4>\n<p><img loading=\"lazy\" decoding=\"async\" class=\"alignnone wp-image-4118 size-full\" src=\"https:\/\/ent2d.ac-bordeaux.fr\/disciplines\/histoire-geographie\/wp-content\/uploads\/sites\/18\/2025\/05\/fresque-large-Pessac.jpg\" alt=\"\" width=\"1024\" height=\"491\" srcset=\"https:\/\/ent2d.ac-bordeaux.fr\/disciplines\/histoire-geographie\/wp-content\/uploads\/sites\/18\/2025\/05\/fresque-large-Pessac.jpg 1024w, https:\/\/ent2d.ac-bordeaux.fr\/disciplines\/histoire-geographie\/wp-content\/uploads\/sites\/18\/2025\/05\/fresque-large-Pessac-300x144.jpg 300w, https:\/\/ent2d.ac-bordeaux.fr\/disciplines\/histoire-geographie\/wp-content\/uploads\/sites\/18\/2025\/05\/fresque-large-Pessac-768x369.jpg 768w, https:\/\/ent2d.ac-bordeaux.fr\/disciplines\/histoire-geographie\/wp-content\/uploads\/sites\/18\/2025\/05\/fresque-large-Pessac-1536x737.jpg 1536w\" sizes=\"auto, (max-width: 1024px) 100vw, 1024px\" \/><\/p>\n<p>Ce travail a pour but de <strong>comm\u00e9morer les 80 ans de la fin de la guerre mais aussi l\u2019amiti\u00e9 franco-allemande<\/strong>. Il a d\u00e9but\u00e9 l\u2019ann\u00e9e derni\u00e8re avec un premier \u00e9change entre les \u00e9l\u00e8ves de la <strong>classe D\u00e9fense du coll\u00e8ge Fran\u00e7ois Mitterrand et la classe langue-histoire du gymnasium K\u00e4the Kollswitz de Munich<\/strong>. Cette fresque permet de <strong>rendre hommage aux soldats morts pendant la guerre<\/strong> mais aussi montrer que <strong>nos \u00e9l\u00e8ves vont vers une Europe d\u2019\u00e9change et de partage, en tant que futurs citoyens europ\u00e9ens.<\/strong><\/p>\n","protected":false},"excerpt":{"rendered":"<p>Dans le cadre du projet \u00ab\u00a0regards crois\u00e9s : 1945-2025\u00a0\u00bb, les \u00e9l\u00e8ves de Mme Huon ont r\u00e9alis\u00e9 une fresque au sein<\/p>\n","protected":false},"author":2890,"featured_media":4117,"comment_status":"closed","ping_status":"closed","sticky":false,"template":"","format":"standard","meta":{"footnotes":""},"categories":[17,21],"tags":[181,233,234],"class_list":["post-4115","post","type-post","status-publish","format-standard","has-post-thumbnail","hentry","category-enseigner","category-memoires-et-citoyennete","tag-commemorations","tag-fresque","tag-regards-croisees"],"_links":{"self":[{"href":"https:\/\/ent2d.ac-bordeaux.fr\/disciplines\/histoire-geographie\/wp-json\/wp\/v2\/posts\/4115","targetHints":{"allow":["GET"]}}],"collection":[{"href":"https:\/\/ent2d.ac-bordeaux.fr\/disciplines\/histoire-geographie\/wp-json\/wp\/v2\/posts"}],"about":[{"href":"https:\/\/ent2d.ac-bordeaux.fr\/disciplines\/histoire-geographie\/wp-json\/wp\/v2\/types\/post"}],"author":[{"embeddable":true,"href":"https:\/\/ent2d.ac-bordeaux.fr\/disciplines\/histoire-geographie\/wp-json\/wp\/v2\/users\/2890"}],"replies":[{"embeddable":true,"href":"https:\/\/ent2d.ac-bordeaux.fr\/disciplines\/histoire-geographie\/wp-json\/wp\/v2\/comments?post=4115"}],"version-history":[{"count":2,"href":"https:\/\/ent2d.ac-bordeaux.fr\/disciplines\/histoire-geographie\/wp-json\/wp\/v2\/posts\/4115\/revisions"}],"predecessor-version":[{"id":4119,"href":"https:\/\/ent2d.ac-bordeaux.fr\/disciplines\/histoire-geographie\/wp-json\/wp\/v2\/posts\/4115\/revisions\/4119"}],"wp:featuredmedia":[{"embeddable":true,"href":"https:\/\/ent2d.ac-bordeaux.fr\/disciplines\/histoire-geographie\/wp-json\/wp\/v2\/media\/4117"}],"wp:attachment":[{"href":"https:\/\/ent2d.ac-bordeaux.fr\/disciplines\/histoire-geographie\/wp-json\/wp\/v2\/media?parent=4115"}],"wp:term":[{"taxonomy":"category","embeddable":true,"href":"https:\/\/ent2d.ac-bordeaux.fr\/disciplines\/histoire-geographie\/wp-json\/wp\/v2\/categories?post=4115"},{"taxonomy":"post_tag","embeddable":true,"href":"https:\/\/ent2d.ac-bordeaux.fr\/disciplines\/histoire-geographie\/wp-json\/wp\/v2\/tags?post=4115"}],"curies":[{"name":"wp","href":"https:\/\/api.w.org\/{rel}","templated":true}]}}