{"id":3661,"date":"2024-09-03T23:25:23","date_gmt":"2024-09-03T21:25:23","guid":{"rendered":"https:\/\/ent2d.ac-bordeaux.fr\/disciplines\/histoire-geographie\/?p=3661"},"modified":"2025-03-15T21:35:15","modified_gmt":"2025-03-15T20:35:15","slug":"reflexions-et-visions-sur-le-programme-de-geographie-de-6e","status":"publish","type":"post","link":"https:\/\/ent2d.ac-bordeaux.fr\/disciplines\/histoire-geographie\/2024\/09\/03\/reflexions-et-visions-sur-le-programme-de-geographie-de-6e\/","title":{"rendered":"R\u00e9flexions et visions sur le programme de g\u00e9ographie de 6e"},"content":{"rendered":"<p><span style=\"color: #0000ff\"><strong><img loading=\"lazy\" decoding=\"async\" class=\"alignnone size-full wp-image-1072\" src=\"https:\/\/ent2d.ac-bordeaux.fr\/disciplines\/histoire-geographie\/wp-content\/uploads\/sites\/18\/2017\/06\/programme-geo-cycle-3.jpg\" alt=\"\" width=\"150\" height=\"85\" \/>Une vision du programme par Guillaume jacono IA-IPR (2017)<\/strong><\/span><\/p>\n<p><a href=\"https:\/\/ent2d.ac-bordeaux.fr\/disciplines\/histoire-geographie\/wp-content\/uploads\/sites\/18\/2017\/06\/Le-programme-de-g\u00e9ographie-pour-le-cycle-3.pdf\" target=\"_blank\" rel=\"noopener\">Acc\u00e9der \u00e0 la ressource<\/a><\/p>\n<p>&nbsp;<\/p>\n<p><img loading=\"lazy\" decoding=\"async\" class=\"alignnone size-thumbnail wp-image-1540\" src=\"https:\/\/ent2d.ac-bordeaux.fr\/disciplines\/histoire-geographie\/wp-content\/uploads\/sites\/18\/2018\/02\/Sans-titre-150x113.png\" alt=\"\" width=\"150\" height=\"113\" \/><strong><span style=\"color: #0000ff\">Construire la progressivit\u00e9 de la notion d&rsquo;habiter au sein du cycle 3 (r\u00e9flexions inter degr\u00e9) (F\u00e9vrier 2018)<\/span><\/strong><\/p>\n<p>A. Brahami vous propose une vision d&rsquo;ensemble de la notion\u00a0<i>d&rsquo;habiter<\/i>\u00a0en g\u00e9ographie sur le cycle 3 pour construire progressivement cette notion dans la liaison inter-degr\u00e9 , mieux percevoir les bases sur lesquelles s&rsquo;appuyer et la complexit\u00e9 \u00e0 apporter progressivement en sixi\u00e8me.<\/p>\n<p><a href=\"https:\/\/ent2d.ac-bordeaux.fr\/disciplines\/histoire-geographie\/wp-content\/uploads\/sites\/18\/2018\/02\/CONSTRUIRE-LA-NOTION-DHABITER-DANS-LE-CYCLE-3-1.pptx\" target=\"_blank\" rel=\"noopener\">Acc\u00e9der \u00e0 la ressource<\/a><\/p>\n","protected":false},"excerpt":{"rendered":"<p>Une vision du programme par Guillaume jacono IA-IPR (2017) Acc\u00e9der \u00e0 la ressource &nbsp; Construire la progressivit\u00e9 de la notion<\/p>\n","protected":false},"author":2887,"featured_media":1072,"comment_status":"closed","ping_status":"closed","sticky":false,"template":"","format":"standard","meta":{"footnotes":""},"categories":[18,17,187],"tags":[49,106,105,74],"class_list":["post-3661","post","type-post","status-publish","format-standard","has-post-thumbnail","hentry","category-college","category-enseigner","category-sixieme","tag-geographie","tag-habiter","tag-programmes","tag-sixieme"],"_links":{"self":[{"href":"https:\/\/ent2d.ac-bordeaux.fr\/disciplines\/histoire-geographie\/wp-json\/wp\/v2\/posts\/3661","targetHints":{"allow":["GET"]}}],"collection":[{"href":"https:\/\/ent2d.ac-bordeaux.fr\/disciplines\/histoire-geographie\/wp-json\/wp\/v2\/posts"}],"about":[{"href":"https:\/\/ent2d.ac-bordeaux.fr\/disciplines\/histoire-geographie\/wp-json\/wp\/v2\/types\/post"}],"author":[{"embeddable":true,"href":"https:\/\/ent2d.ac-bordeaux.fr\/disciplines\/histoire-geographie\/wp-json\/wp\/v2\/users\/2887"}],"replies":[{"embeddable":true,"href":"https:\/\/ent2d.ac-bordeaux.fr\/disciplines\/histoire-geographie\/wp-json\/wp\/v2\/comments?post=3661"}],"version-history":[{"count":1,"href":"https:\/\/ent2d.ac-bordeaux.fr\/disciplines\/histoire-geographie\/wp-json\/wp\/v2\/posts\/3661\/revisions"}],"predecessor-version":[{"id":3663,"href":"https:\/\/ent2d.ac-bordeaux.fr\/disciplines\/histoire-geographie\/wp-json\/wp\/v2\/posts\/3661\/revisions\/3663"}],"wp:featuredmedia":[{"embeddable":true,"href":"https:\/\/ent2d.ac-bordeaux.fr\/disciplines\/histoire-geographie\/wp-json\/wp\/v2\/media\/1072"}],"wp:attachment":[{"href":"https:\/\/ent2d.ac-bordeaux.fr\/disciplines\/histoire-geographie\/wp-json\/wp\/v2\/media?parent=3661"}],"wp:term":[{"taxonomy":"category","embeddable":true,"href":"https:\/\/ent2d.ac-bordeaux.fr\/disciplines\/histoire-geographie\/wp-json\/wp\/v2\/categories?post=3661"},{"taxonomy":"post_tag","embeddable":true,"href":"https:\/\/ent2d.ac-bordeaux.fr\/disciplines\/histoire-geographie\/wp-json\/wp\/v2\/tags?post=3661"}],"curies":[{"name":"wp","href":"https:\/\/api.w.org\/{rel}","templated":true}]}}