{"id":6536,"date":"2026-09-03T10:16:17","date_gmt":"2026-09-03T09:16:17","guid":{"rendered":"https:\/\/ent2d.ac-bordeaux.fr\/disciplines\/espagnol\/?p=6536"},"modified":"2026-09-03T10:28:34","modified_gmt":"2026-09-03T09:28:34","slug":"lettre-douverture-internationale-septembre-2026","status":"publish","type":"post","link":"https:\/\/ent2d.ac-bordeaux.fr\/disciplines\/espagnol\/2026\/09\/03\/lettre-douverture-internationale-septembre-2026\/","title":{"rendered":"Lettre d&rsquo;ouverture internationale \u2013 septembre 2026"},"content":{"rendered":"<p>Veuillez trouver ci-dessous les liens vers la lettre d\u2019information du mois de septembre consacr\u00e9e \u00e0 l\u2019ouverture europ\u00e9enne et internationale.<\/p>\n<p><b>R\u00e9gion acad\u00e9mique Nouvelle-Aquitaine<\/b>\u00a0:<\/p>\n<p><a class=\"x_moz-txt-link-freetext\" href=\"https:\/\/www.ac-bordeaux.fr\/la-lettre-ouverture-internationale-en-region-academique-nouvelle-aquitaine-septembre-2026-134287\" target=\"_blank\" rel=\"noopener\">https:\/\/www.ac-bordeaux.fr\/la-lettre-ouverture-internationale-en-region-academique-nouvelle-aquitaine-septembre-2026-134287<\/a><\/p>\n<p><b>Acad\u00e9mie de Bordeaux:<br \/>\n<\/b><\/p>\n<p><a class=\"x_moz-txt-link-freetext\" href=\"https:\/\/www.ac-bordeaux.fr\/lettre-ouverture-internationale-septembre-2026-134279\" target=\"_blank\" rel=\"noopener\">https:\/\/www.ac-bordeaux.fr\/lettre-ouverture-internationale-septembre-2026-134279<\/a><\/p>\n","protected":false},"excerpt":{"rendered":"<p>Veuillez trouver ci-dessous les liens vers la lettre d\u2019information du mois de septembre consacr\u00e9e \u00e0 l\u2019ouverture europ\u00e9enne et internationale. R\u00e9gion acad\u00e9mique Nouvelle-Aquitaine\u00a0: https:\/\/www.ac-bordeaux.fr\/la-lettre-ouverture-internationale-en-region-academique-nouvelle-aquitaine-septembre-2026-134287 Acad\u00e9mie de Bordeaux: https:\/\/www.ac-bordeaux.fr\/lettre-ouverture-internationale-septembre-2026-134279<\/p>\n","protected":false},"author":13,"featured_media":5757,"comment_status":"closed","ping_status":"closed","sticky":false,"template":"","format":"standard","meta":{"footnotes":""},"categories":[19],"tags":[],"class_list":["post-6536","post","type-post","status-publish","format-standard","has-post-thumbnail","hentry","category-accueil"],"_links":{"self":[{"href":"https:\/\/ent2d.ac-bordeaux.fr\/disciplines\/espagnol\/wp-json\/wp\/v2\/posts\/6536","targetHints":{"allow":["GET"]}}],"collection":[{"href":"https:\/\/ent2d.ac-bordeaux.fr\/disciplines\/espagnol\/wp-json\/wp\/v2\/posts"}],"about":[{"href":"https:\/\/ent2d.ac-bordeaux.fr\/disciplines\/espagnol\/wp-json\/wp\/v2\/types\/post"}],"author":[{"embeddable":true,"href":"https:\/\/ent2d.ac-bordeaux.fr\/disciplines\/espagnol\/wp-json\/wp\/v2\/users\/13"}],"replies":[{"embeddable":true,"href":"https:\/\/ent2d.ac-bordeaux.fr\/disciplines\/espagnol\/wp-json\/wp\/v2\/comments?post=6536"}],"version-history":[{"count":2,"href":"https:\/\/ent2d.ac-bordeaux.fr\/disciplines\/espagnol\/wp-json\/wp\/v2\/posts\/6536\/revisions"}],"predecessor-version":[{"id":6540,"href":"https:\/\/ent2d.ac-bordeaux.fr\/disciplines\/espagnol\/wp-json\/wp\/v2\/posts\/6536\/revisions\/6540"}],"wp:featuredmedia":[{"embeddable":true,"href":"https:\/\/ent2d.ac-bordeaux.fr\/disciplines\/espagnol\/wp-json\/wp\/v2\/media\/5757"}],"wp:attachment":[{"href":"https:\/\/ent2d.ac-bordeaux.fr\/disciplines\/espagnol\/wp-json\/wp\/v2\/media?parent=6536"}],"wp:term":[{"taxonomy":"category","embeddable":true,"href":"https:\/\/ent2d.ac-bordeaux.fr\/disciplines\/espagnol\/wp-json\/wp\/v2\/categories?post=6536"},{"taxonomy":"post_tag","embeddable":true,"href":"https:\/\/ent2d.ac-bordeaux.fr\/disciplines\/espagnol\/wp-json\/wp\/v2\/tags?post=6536"}],"curies":[{"name":"wp","href":"https:\/\/api.w.org\/{rel}","templated":true}]}}