{"id":6074,"date":"2024-11-06T18:32:55","date_gmt":"2024-11-06T17:32:55","guid":{"rendered":"https:\/\/ent2d.ac-bordeaux.fr\/disciplines\/espagnol\/?p=6074"},"modified":"2024-11-06T18:39:35","modified_gmt":"2024-11-06T17:39:35","slug":"la-journee-internationale-des-assistants-de-langue-jial","status":"publish","type":"post","link":"https:\/\/ent2d.ac-bordeaux.fr\/disciplines\/espagnol\/2024\/11\/06\/la-journee-internationale-des-assistants-de-langue-jial\/","title":{"rendered":"La journ\u00e9e internationale des assistants de langue (JIAL)"},"content":{"rendered":"<p style=\"text-align: left\">La journ\u00e9e internationale des assistants de langue (JIAL), est\u00a0 \u00a0une initiative de France \u00c9ducation international pour c\u00e9l\u00e9brer les assistants de langue\u00a0 dans le monde .<img loading=\"lazy\" decoding=\"async\" class=\"size-medium wp-image-6076 alignleft\" src=\"https:\/\/ent2d.ac-bordeaux.fr\/disciplines\/espagnol\/wp-content\/uploads\/sites\/6\/2024\/11\/PHOTO-FLYER--211x300.jpg\" alt=\"\" width=\"211\" height=\"300\" srcset=\"https:\/\/ent2d.ac-bordeaux.fr\/disciplines\/espagnol\/wp-content\/uploads\/sites\/6\/2024\/11\/PHOTO-FLYER--211x300.jpg 211w, https:\/\/ent2d.ac-bordeaux.fr\/disciplines\/espagnol\/wp-content\/uploads\/sites\/6\/2024\/11\/PHOTO-FLYER-.jpg 331w\" sizes=\"auto, (max-width: 211px) 100vw, 211px\" \/><\/p>\n<p style=\"text-align: left\">Cette journ\u00e9e, f\u00eat\u00e9e chaque premier jeudi du mois de d\u00e9cembre, a pour objectifs de mettre en lumi\u00e8re le programme d\u2019\u00e9change d\u2019assistants de langue, de le rendre plus attractif encore, et de f\u00e9d\u00e9rer une communaut\u00e9 d\u2019alumni.<\/p>\n<p>Cette ann\u00e9e, la journ\u00e9e internationale des assistants de langue sera jeudi 5 d\u00e9cembre 2024.<br \/>\nParticipez \u00e0 la JIAL et mettez vos \u00e9l\u00e8ves et l\u2019assistant en valeur en organisant un \u00e9v\u00e9nement !<\/p>\n<p>D\u00e9couvrez les modalit\u00e9s et le flyer en cliquant <a href=\"https:\/\/ent2d.ac-bordeaux.fr\/disciplines\/espagnol\/wp-content\/uploads\/sites\/6\/2024\/11\/flyer-JIAL-2024.pdf\">ICI<\/a><\/p>\n","protected":false},"excerpt":{"rendered":"<p>La journ\u00e9e internationale des assistants de langue (JIAL), est\u00a0 \u00a0une initiative de France \u00c9ducation international pour c\u00e9l\u00e9brer les assistants de langue\u00a0 dans le monde . Cette journ\u00e9e, f\u00eat\u00e9e chaque premier &#8230;<\/p>\n","protected":false},"author":13,"featured_media":6079,"comment_status":"closed","ping_status":"closed","sticky":false,"template":"","format":"standard","meta":{"footnotes":""},"categories":[19,139,98,66,65],"tags":[],"class_list":["post-6074","post","type-post","status-publish","format-standard","has-post-thumbnail","hentry","category-accueil","category-assistants","category-pistes-lycee","category-pistes-pedagogiques-2","category-pistes-pour-le-college"],"_links":{"self":[{"href":"https:\/\/ent2d.ac-bordeaux.fr\/disciplines\/espagnol\/wp-json\/wp\/v2\/posts\/6074","targetHints":{"allow":["GET"]}}],"collection":[{"href":"https:\/\/ent2d.ac-bordeaux.fr\/disciplines\/espagnol\/wp-json\/wp\/v2\/posts"}],"about":[{"href":"https:\/\/ent2d.ac-bordeaux.fr\/disciplines\/espagnol\/wp-json\/wp\/v2\/types\/post"}],"author":[{"embeddable":true,"href":"https:\/\/ent2d.ac-bordeaux.fr\/disciplines\/espagnol\/wp-json\/wp\/v2\/users\/13"}],"replies":[{"embeddable":true,"href":"https:\/\/ent2d.ac-bordeaux.fr\/disciplines\/espagnol\/wp-json\/wp\/v2\/comments?post=6074"}],"version-history":[{"count":1,"href":"https:\/\/ent2d.ac-bordeaux.fr\/disciplines\/espagnol\/wp-json\/wp\/v2\/posts\/6074\/revisions"}],"predecessor-version":[{"id":6077,"href":"https:\/\/ent2d.ac-bordeaux.fr\/disciplines\/espagnol\/wp-json\/wp\/v2\/posts\/6074\/revisions\/6077"}],"wp:featuredmedia":[{"embeddable":true,"href":"https:\/\/ent2d.ac-bordeaux.fr\/disciplines\/espagnol\/wp-json\/wp\/v2\/media\/6079"}],"wp:attachment":[{"href":"https:\/\/ent2d.ac-bordeaux.fr\/disciplines\/espagnol\/wp-json\/wp\/v2\/media?parent=6074"}],"wp:term":[{"taxonomy":"category","embeddable":true,"href":"https:\/\/ent2d.ac-bordeaux.fr\/disciplines\/espagnol\/wp-json\/wp\/v2\/categories?post=6074"},{"taxonomy":"post_tag","embeddable":true,"href":"https:\/\/ent2d.ac-bordeaux.fr\/disciplines\/espagnol\/wp-json\/wp\/v2\/tags?post=6074"}],"curies":[{"name":"wp","href":"https:\/\/api.w.org\/{rel}","templated":true}]}}